{"id":10000,"date":"2026-01-07T20:47:09","date_gmt":"2026-01-07T20:47:09","guid":{"rendered":"https:\/\/www.europesays.com\/africa\/10000\/"},"modified":"2026-01-07T20:47:09","modified_gmt":"2026-01-07T20:47:09","slug":"accident-causant-une-dizaine-de-morts-a-farafenni-bilan-circonstances-voici-ce-quon-en-sait-senenews","status":"publish","type":"post","link":"https:\/\/www.europesays.com\/africa\/10000\/","title":{"rendered":"Accident causant une dizaine de morts \u00e0 Farafenni : Bilan, circonstances,\u2026 Voici ce qu\u2019on en sait &#8211; Senenews"},"content":{"rendered":"<p><a href=\"https:\/\/news.google.com\/rss\/articles\/CBMi1gFBVV95cUxQSUpJVzNBTExQUkdpZXkxWUZPTDk2RkJTM25sMUs0ZUxZT3FzZWJocXJKVnFYUGF1RG9Oa1ZPY2t3WHlNc1VFTjRSaG9jM3MwbmVoaFZ4X01YQ1puYjUxaFNXdVdSVmRidWlzellOM2J2SlhXYnBXcDgyOWJ5NnJrOHpKQVBfYTIwMnducENQbGhTWGwxVmFtQVdJYVJ3UXlmdTVFd0wwVFdmOXNOa015VGk2aXBfLTM1R2ZJODQ3Y3RGQU5DN3BKUDBzNTBIMmlpTFVvc193?oc=5\" target=\"_blank\" rel=\"nofollow noopener\">Accident causant une dizaine de morts \u00e0 Farafenni : Bilan, circonstances,\u2026 Voici ce qu\u2019on en sait<\/a>&nbsp;&nbsp;Senenews<a href=\"https:\/\/news.google.com\/rss\/articles\/CBMiogFBVV95cUxNa3g2X1pSdkxTSmZueDdZUWJkbkRXQUk5RUI1SW16b3ZZbkVONzl1TEp4SXc4c3hKVTk4eVBIRVM3THltV0lxSjZVdGpZRHBWeEg2LTZkU19raEk1ODBnMGlpR29rSzRuVWtqaUdZT000UlVkN3BVMFNwRm1pdFdxRjBzM1hvcGMwVzdwSGFYSXNOazNKcUI0eGc0RUllNFhHSHc?oc=5\" target=\"_blank\" rel=\"nofollow noopener\">Faraf\u00e9nni : Un grave accident fait 7 morts et plusieurs bless\u00e9s<\/a>&nbsp;&nbsp;DAKARACTU.COM<a href=\"https:\/\/news.google.com\/rss\/articles\/CBMivwFBVV95cUxNb29GekJ0NTlFUmg2WHh1Mmp3NVJaYy1kYmtzLUdQUkVmb0ZFOV9ieVFJUmNDc0hDMkNhV3Vqd2pzc3ZNQlMwOHpRTDlkSUlHblZkbjQ2TFNFNTU5ald6SXZMUWJfZWVaWS1teURXTzdfSzlOOG9veHRmMEgzTjhCLWpUX2RMRTJYSGFwYmhVZlZVclZQcS1PVjl0d1B3T3diNF9BTU9kRzFVOUM1dHlJQzI5OVQ0V182NkduR1Vscw?oc=5\" target=\"_blank\" rel=\"nofollow noopener\">Farafenni: 7 dead, including a police officer, in a collision between a bus and a vehicle &#8220;Cheikhou Cherifou&#8221;<\/a>&nbsp;&nbsp;Seneweb<a href=\"https:\/\/news.google.com\/rss\/articles\/CBMiqgFBVV95cUxNN0p2SW1TRDdTdnNtOTV6ckw3NHJZWVJ6NkVHdjVNSjNVNHloVnR2VUNzOU84cmEtOEdoNVF2YnlaNkZ4SXE4Y0tRSERPdWdGQ1R1SzU0M08yOE1zVVRnMklHVTQ5MGtXODBfR3diME4tVXBZNDV0M3lHTGZ2SlA2US1wNGZKWUFIUG5mSDl3RGx3aHV1RnBEYWtNX0N3NGtCdVRRR1BSV05RUQ?oc=5\" target=\"_blank\" rel=\"nofollow noopener\">Collision mortelle \u00e0 farafenni : un bus et un \u00bb cheikhou cherifou \u00bb impliqu\u00e9s, 7 d\u00e9c\u00e8s<\/a>&nbsp;&nbsp;Senegal Direct<a href=\"https:\/\/news.google.com\/rss\/articles\/CBMi0AFBVV95cUxNLTQ0VFJ0SUxWYnotRlktMjRYZURIVWdSWk9iRDk5UUozdjd5aklMTC1ER0FiQWNZWHN0MGp6OTR5RXM4QkdTYUdadjlOd0pXMjVtbFhBRTlQNHJJa1FIM0RWLW45ekYzdHgzQnRhTHhneFB6WUVQZjg5UkhhWThaZ3VzcGg0dXh2MThOTzFxT2k5TFRNOWxsTEduRENTX0J5M3djUjAyZHZIdk9NVG1MOFNzbnB4MXdRdnY4MWJMc3pIU0hmZ0otUFI0Q2w4MW05?oc=5\" target=\"_blank\" rel=\"nofollow noopener\">GRAVE ACCIDENT SUR LA TRANSGAMBIENNE : AU MOINS SEPT MORTS DANS UNE COLLISION ENTRE DEUX BUS<\/a>&nbsp;&nbsp;RTS Officiel<\/p>\n","protected":false},"excerpt":{"rendered":"Accident causant une dizaine de morts \u00e0 Farafenni : Bilan, circonstances,\u2026 Voici ce qu\u2019on en sait&nbsp;&nbsp;SenenewsFaraf\u00e9nni : Un&hellip;\n","protected":false},"author":2,"featured_media":10001,"comment_status":"","ping_status":"","sticky":false,"template":"","format":"standard","meta":{"footnotes":""},"categories":[48],"tags":[1740,7021,159,163,239],"class_list":{"0":"post-10000","1":"post","2":"type-post","3":"status-publish","4":"format-standard","5":"has-post-thumbnail","7":"category-senegal","8":"tag-accident","9":"tag-farafenni","10":"tag-senegal","11":"tag-senegal-actualites","12":"tag-societe"},"share_on_mastodon":{"url":"","error":""},"_links":{"self":[{"href":"https:\/\/www.europesays.com\/africa\/wp-json\/wp\/v2\/posts\/10000","targetHints":{"allow":["GET"]}}],"collection":[{"href":"https:\/\/www.europesays.com\/africa\/wp-json\/wp\/v2\/posts"}],"about":[{"href":"https:\/\/www.europesays.com\/africa\/wp-json\/wp\/v2\/types\/post"}],"author":[{"embeddable":true,"href":"https:\/\/www.europesays.com\/africa\/wp-json\/wp\/v2\/users\/2"}],"replies":[{"embeddable":true,"href":"https:\/\/www.europesays.com\/africa\/wp-json\/wp\/v2\/comments?post=10000"}],"version-history":[{"count":0,"href":"https:\/\/www.europesays.com\/africa\/wp-json\/wp\/v2\/posts\/10000\/revisions"}],"wp:featuredmedia":[{"embeddable":true,"href":"https:\/\/www.europesays.com\/africa\/wp-json\/wp\/v2\/media\/10001"}],"wp:attachment":[{"href":"https:\/\/www.europesays.com\/africa\/wp-json\/wp\/v2\/media?parent=10000"}],"wp:term":[{"taxonomy":"category","embeddable":true,"href":"https:\/\/www.europesays.com\/africa\/wp-json\/wp\/v2\/categories?post=10000"},{"taxonomy":"post_tag","embeddable":true,"href":"https:\/\/www.europesays.com\/africa\/wp-json\/wp\/v2\/tags?post=10000"}],"curies":[{"name":"wp","href":"https:\/\/api.w.org\/{rel}","templated":true}]}}