{"id":10002,"date":"2026-01-07T20:48:06","date_gmt":"2026-01-07T20:48:06","guid":{"rendered":"https:\/\/www.europesays.com\/africa\/10002\/"},"modified":"2026-01-07T20:48:06","modified_gmt":"2026-01-07T20:48:06","slug":"la-gendarmerie-frappe-fort-370-chichas-saisies-7-cafes-fermes","status":"publish","type":"post","link":"https:\/\/www.europesays.com\/africa\/10002\/","title":{"rendered":"la gendarmerie frappe fort 370 chichas saisies, 7 caf\u00e9s ferm\u00e9s"},"content":{"rendered":"<p>Sous un ciel d\u2019hiver, sept \u00e9tablissements, tapis dans l\u2019\u00e9crin baln\u00e9aire de Sidi Bouzid, croyaient \u00e0 l\u2019impunit\u00e9. Ils servaient, dans l\u2019intimit\u00e9 enfum\u00e9e de leurs arri\u00e8re-salles, le doux poison du narguil\u00e9. Une pratique ill\u00e9gale, un commerce de l\u2019ombre. Mais cette nuit-l\u00e0, l\u2019ombre s\u2019est retourn\u00e9e contre eux. <br \/>\u00a0<\/p>\n<p>17h00 : le guet commence<\/p>\n<p>  Un dispositif implacable se met en place, silencieux et pr\u00e9cis. Gendarmes territoriaux, autorit\u00e9s locales, Forces Auxiliaires \u2014 tous unis dans une chor\u00e9graphie r\u00e9gl\u00e9e au cordeau. Les cibles : sept caf\u00e9s-douars, repaires de la \u00ab chicha \u00bb, ce serpent de fum\u00e9e qui enlace ses adeptes. <\/p>\n<p>Pendant cinq heures, les portes volent en \u00e9clats, non dans la violence, mais dans l\u2019autorit\u00e9 froide du droit. \u00c0 l\u2019int\u00e9rieur, le butin de la d\u00e9sob\u00e9issance : 370 narguil\u00e9s, align\u00e9s comme des troph\u00e9es de guerre, avec leurs flacons myst\u00e9rieux, leurs tuyaux entrelac\u00e9s, leurs braises \u00e9teintes. Un attirail complet de la clandestinit\u00e9. <br \/>\u00a0<\/p>\n<p>Les r\u00e9cidivistes tombent<\/p>\n<p>Les g\u00e9rants, d\u00e9j\u00e0 \u00e9pingl\u00e9s par le pass\u00e9, sont convoqu\u00e9s un \u00e0 un. Leurs excuses se heurtent au mur des proc\u00e8s-verbaux anciens. La r\u00e9cidive, ce mot lourd de cons\u00e9quence, scelle leur sort. Sur ordre du parquet d\u2019El Jadida, la sentence tombe, s\u00e8che et sans appel : fermeture d\u00e9finitive. Le rideau de fer ne se rel\u00e8vera plus. <br \/>\u00a0<\/p>\n<p>La justice passe \u00e0 l\u2019offensive<\/p>\n<p>  Le procureur du Roi, saisi du dossier, transforme l\u2019intervention en information judiciaire. L\u2019affaire n\u2019est plus administrative, elle est p\u00e9nale. Les pipes \u00e0 eau sont devenues pi\u00e8ces \u00e0 conviction. <\/p>\n<p>Cette op\u00e9ration, baptis\u00e9e du nom de code silencieux des missions de police administrative, n\u2019est pas un coup d\u2019\u00e9clat isol\u00e9. Elle s\u2019inscrit dans le plan plus vaste de la Commandement R\u00e9gional de la Gendarmerie Royale d\u2019El Jadida, qui nettoie, m\u00e9thodiquement, les provinces d\u2019El Jadida et Sidi Bennour. Une chasse \u00e0 l\u2019ill\u00e9galit\u00e9 qui ne faiblit pas, men\u00e9e par ceux qui veillent dans l\u2019ombre pour que le jour soit clair. <\/p>\n<p>Ce soir \u00e0 Sidi Bouzid, l\u2019air sent \u00e0 nouveau le sel et le vent. <br \/>Plus de fum\u00e9e. <br \/>\u00a0<\/p>\n<p>\u00a0Mohamed LOKHNATI<\/p>\n","protected":false},"excerpt":{"rendered":"Sous un ciel d\u2019hiver, sept \u00e9tablissements, tapis dans l\u2019\u00e9crin baln\u00e9aire de Sidi Bouzid, croyaient \u00e0 l\u2019impunit\u00e9. Ils servaient,&hellip;\n","protected":false},"author":2,"featured_media":10003,"comment_status":"","ping_status":"","sticky":false,"template":"","format":"standard","meta":{"footnotes":""},"categories":[41],"tags":[554,553,555,556,563,565,560,567,561,557,162,566,564,558,559,158,562,248,239,310,568],"class_list":{"0":"post-10002","1":"post","2":"type-post","3":"status-publish","4":"format-standard","5":"has-post-thumbnail","7":"category-maroc","8":"tag-actualites","9":"tag-actualites-et-infos-au-maroc","10":"tag-actualites-et-infos-mondiale","11":"tag-actualites-marocaines-du-jour","12":"tag-alimentation","13":"tag-analyses","14":"tag-art-de-vivre","15":"tag-chronique","16":"tag-consommation-et-bien-etre","17":"tag-culture","18":"tag-economie","19":"tag-edito","20":"tag-etudes","21":"tag-insolite","22":"tag-loisirs","23":"tag-maroc","24":"tag-mode","25":"tag-politique","26":"tag-societe","27":"tag-sport","28":"tag-tribune"},"share_on_mastodon":{"url":"","error":""},"_links":{"self":[{"href":"https:\/\/www.europesays.com\/africa\/wp-json\/wp\/v2\/posts\/10002","targetHints":{"allow":["GET"]}}],"collection":[{"href":"https:\/\/www.europesays.com\/africa\/wp-json\/wp\/v2\/posts"}],"about":[{"href":"https:\/\/www.europesays.com\/africa\/wp-json\/wp\/v2\/types\/post"}],"author":[{"embeddable":true,"href":"https:\/\/www.europesays.com\/africa\/wp-json\/wp\/v2\/users\/2"}],"replies":[{"embeddable":true,"href":"https:\/\/www.europesays.com\/africa\/wp-json\/wp\/v2\/comments?post=10002"}],"version-history":[{"count":0,"href":"https:\/\/www.europesays.com\/africa\/wp-json\/wp\/v2\/posts\/10002\/revisions"}],"wp:featuredmedia":[{"embeddable":true,"href":"https:\/\/www.europesays.com\/africa\/wp-json\/wp\/v2\/media\/10003"}],"wp:attachment":[{"href":"https:\/\/www.europesays.com\/africa\/wp-json\/wp\/v2\/media?parent=10002"}],"wp:term":[{"taxonomy":"category","embeddable":true,"href":"https:\/\/www.europesays.com\/africa\/wp-json\/wp\/v2\/categories?post=10002"},{"taxonomy":"post_tag","embeddable":true,"href":"https:\/\/www.europesays.com\/africa\/wp-json\/wp\/v2\/tags?post=10002"}],"curies":[{"name":"wp","href":"https:\/\/api.w.org\/{rel}","templated":true}]}}