{"id":10055,"date":"2026-01-07T21:29:11","date_gmt":"2026-01-07T21:29:11","guid":{"rendered":"https:\/\/www.europesays.com\/africa\/10055\/"},"modified":"2026-01-07T21:29:11","modified_gmt":"2026-01-07T21:29:11","slug":"linfluenceur-general-chico-condamne-a-un-an-de-prison-ferme-a-dakar","status":"publish","type":"post","link":"https:\/\/www.europesays.com\/africa\/10055\/","title":{"rendered":"L\u2019influenceur g\u00e9n\u00e9ral Chico condamn\u00e9 \u00e0 un an de prison ferme \u00e0 Dakar"},"content":{"rendered":"<p class=\"firstp\">Le tribunal hors classe de Dakar a condamn\u00e9, mercredi, l\u2019influenceur malien Cheikhna Nimaga, connu sous le pseudonyme de G\u00e9n\u00e9ral Chico, \u00e0 un an de prison ferme pour des propos jug\u00e9s offensants envers l\u2019islam et les musulmans, selon APS.<\/p>\n<p>Le pr\u00e9venu a \u00e9t\u00e9 reconnu coupable d\u2019insultes par le biais d\u2019un syst\u00e8me informatique, de discours contraires aux bonnes m\u0153urs, d\u2019incitation \u00e0 la discrimination religieuse ainsi que d\u2019actes d\u2019intol\u00e9rance. Il \u00e9tait jug\u00e9 en flagrant d\u00e9lit.\n<\/p>\n<p>Dans cette affaire, le Haut Conseil islamique du Mali, ainsi que plusieurs autres organisations, se sont constitu\u00e9s parties civiles. Elles estiment que Cheikhna Nimaga a tenu des propos blasph\u00e9matoires \u00e0 l\u2019encontre de l\u2019islam et de la communaut\u00e9 musulmane.\n<\/p>\n<p>L\u2019audience s\u2019est tenue au palais de justice de Dakar, devant un public nombreux. Des guides religieux et des responsables d\u2019associations musulmanes ont notamment assist\u00e9 aux d\u00e9bats.\n<\/p>\n<p>Au cours de l\u2019instruction, le tribunal a ordonn\u00e9 une traduction officielle d\u2019enregistrements diffus\u00e9s par le pr\u00e9venu sur les r\u00e9seaux sociaux, afin de permettre une \u00e9valuation pr\u00e9cise du contenu des propos incrimin\u00e9s.\n<\/p>\n<p>Selon le parquet de Dakar, les faits reproch\u00e9s \u00e0 G\u00e9n\u00e9ral Chico constituent une atteinte grave \u00e0 la coh\u00e9sion sociale et \u00e0 la paix religieuse.\n<\/p>\n<p>Pour la d\u00e9fense, Me Bachir Lo a reconnu le caract\u00e8re \u00ab choquant \u00bb des propos tenus par son client, tout en plaidant pour un jugement \u00ab mesur\u00e9 \u00bb. L\u2019avocat a soulign\u00e9 que le pr\u00e9venu avait pr\u00e9sent\u00e9 \u00e0 plusieurs reprises ses excuses aux plaignants et invoqu\u00e9 sa bonne foi, sollicitant ainsi la cl\u00e9mence du tribunal.<\/p>\n<p>Cheikhna Nimaga dispose d\u00e9sormais de la possibilit\u00e9 de faire appel de la d\u00e9cision rendue.<\/p>\n","protected":false},"excerpt":{"rendered":"Le tribunal hors classe de Dakar a condamn\u00e9, mercredi, l\u2019influenceur malien Cheikhna Nimaga, connu sous le pseudonyme de&hellip;\n","protected":false},"author":2,"featured_media":10056,"comment_status":"","ping_status":"","sticky":false,"template":"","format":"standard","meta":{"footnotes":""},"categories":[48],"tags":[7066,4142,2861,159,163,239],"class_list":{"0":"post-10055","1":"post","2":"type-post","3":"status-publish","4":"format-standard","5":"has-post-thumbnail","7":"category-senegal","8":"tag-influenceur-chico","9":"tag-islam","10":"tag-justice","11":"tag-senegal","12":"tag-senegal-actualites","13":"tag-societe"},"share_on_mastodon":{"url":"","error":""},"_links":{"self":[{"href":"https:\/\/www.europesays.com\/africa\/wp-json\/wp\/v2\/posts\/10055","targetHints":{"allow":["GET"]}}],"collection":[{"href":"https:\/\/www.europesays.com\/africa\/wp-json\/wp\/v2\/posts"}],"about":[{"href":"https:\/\/www.europesays.com\/africa\/wp-json\/wp\/v2\/types\/post"}],"author":[{"embeddable":true,"href":"https:\/\/www.europesays.com\/africa\/wp-json\/wp\/v2\/users\/2"}],"replies":[{"embeddable":true,"href":"https:\/\/www.europesays.com\/africa\/wp-json\/wp\/v2\/comments?post=10055"}],"version-history":[{"count":0,"href":"https:\/\/www.europesays.com\/africa\/wp-json\/wp\/v2\/posts\/10055\/revisions"}],"wp:featuredmedia":[{"embeddable":true,"href":"https:\/\/www.europesays.com\/africa\/wp-json\/wp\/v2\/media\/10056"}],"wp:attachment":[{"href":"https:\/\/www.europesays.com\/africa\/wp-json\/wp\/v2\/media?parent=10055"}],"wp:term":[{"taxonomy":"category","embeddable":true,"href":"https:\/\/www.europesays.com\/africa\/wp-json\/wp\/v2\/categories?post=10055"},{"taxonomy":"post_tag","embeddable":true,"href":"https:\/\/www.europesays.com\/africa\/wp-json\/wp\/v2\/tags?post=10055"}],"curies":[{"name":"wp","href":"https:\/\/api.w.org\/{rel}","templated":true}]}}