{"id":10075,"date":"2026-01-07T21:44:06","date_gmt":"2026-01-07T21:44:06","guid":{"rendered":"https:\/\/www.europesays.com\/africa\/10075\/"},"modified":"2026-01-07T21:44:06","modified_gmt":"2026-01-07T21:44:06","slug":"le-plan-choc-pour-accompagner-la-croissance-entretien","status":"publish","type":"post","link":"https:\/\/www.europesays.com\/africa\/10075\/","title":{"rendered":"Le plan choc pour accompagner la croissance. Entretien &#8230;"},"content":{"rendered":"<p>Cette rentr\u00e9e s&#8217;inscrit dans la continuit\u00e9 d&#8217;une dynamique positive, avec une augmentation significative des effectifs, pass\u00e9s de 25 032 \u00e9tudiants en 2022-2023 \u00e0 35 483 en 2024-2025. Le nombre de nouveaux bacheliers inscrits a lui aussi fortement progress\u00e9, atteignant pr\u00e8s de 12 900 cette ann\u00e9e. <\/p>\n<p>&#8220;Cette croissance est \u00e0 la fois une fiert\u00e9 et un d\u00e9fi. Elle est le fruit de nos efforts pour am\u00e9liorer nos indicateurs p\u00e9dagogiques et notre attractivit\u00e9&#8221;, d\u00e9clare le Pr AZIM, soulignant que le nombre de dipl\u00f4m\u00e9s est pass\u00e9 de 1 996 en 2015 \u00e0 5 491 cette ann\u00e9e. <\/p>\n<p>Parmi les principaux projets phares pour la nouvelle ann\u00e9e universitaire, le pr\u00e9sident cite : <\/p>\n<p>\u2022Une restructuration majeure des facult\u00e9s : La facult\u00e9 de Droit, \u00c9conomie et Sciences sociales doit \u00eatre scind\u00e9e en deux \u00e9tablissements distincts : une Facult\u00e9 des Sciences \u00c9conomiques et une Facult\u00e9 des Sciences Politiques et Juridiques. De m\u00eame, la facult\u00e9 des Lettres et Sciences Humaines sera divis\u00e9e en une Facult\u00e9 des Sciences Humaines et une Facult\u00e9 des Langues, Litt\u00e9ratures et Arts. Ces cr\u00e9ations n\u00e9cessitent l&#8217;acquisition de nouveaux terrains (vases immobiliers). <br \/>\u2022\u2060\u00a0 \u2060Le d\u00e9veloppement de l&#8217;offre de formation : Cr\u00e9ation d&#8217;une \u00c9cole Sup\u00e9rieure de Technologie (EST) dans la province d&#8217;El Jadida et concr\u00e9tisation du l&#8217;Institut Sup\u00e9rieur des Sciences de la Sant\u00e9 (I3S), dont le lancement est conditionn\u00e9 \u00e0 l&#8217;obtention d&#8217;un terrain. <br \/>\u2022\u2060\u00a0 \u2060L&#8217;am\u00e9lioration des infrastructures de vie \u00e9tudiante : Un projet prioritaire vise \u00e0 augmenter la capacit\u00e9 d&#8217;h\u00e9bergement en cit\u00e9s universitaires et des restaurants universitaires. La construction d&#8217;un complexe sportif universitaire et d&#8217;une biblioth\u00e8que universitaire multim\u00e9dia \u00e0 proximit\u00e9 du si\u00e8ge de l&#8217;universit\u00e9 figurent \u00e9galement parmi les ambitions. <br \/>\u2022\u2060\u00a0 \u2060Le renforcement de la mobilit\u00e9 : Augmentation du nombre de navettes et de la fr\u00e9quence des rotations, notamment aux heures de pointe, pour desservir les campus d&#8217;El Jadida et d&#8217;Al Houzia. <\/p>\n<p>Le pr\u00e9sident appelle \u00e9galement \u00e0 une mobilisation collective pour finaliser des projets en suspens, comme la construction des si\u00e8ges d\u00e9finitifs de l&#8217;\u00c9cole Nationale de Commerce et de Gestion (arr\u00eat\u00e9e depuis 2015) et de l&#8217;\u00c9cole Nationale de l&#8217;\u00c9ducation et de la Formation. <\/p>\n<p>&#8220;L&#8217;objectif de cette feuille de route ambitieuse est clair : diversifier et professionnaliser notre offre p\u00e9dagogique, tout en am\u00e9liorant significativement les conditions d&#8217;\u00e9tude et de vie de nos \u00e9tudiants. C&#8217;est le chemin que nous choisissons pour consolider l&#8217;excellence et l&#8217;innovation, qui sont notre marque de fabrique&#8221;, conclut le pr\u00e9sident de l&#8217;universit\u00e9 Chouaib Doukkali, Azz-Eddine AZIM. <\/p>\n<p>L&#8217;universit\u00e9, qui compte 780 enseignants-chercheurs et 270 administrateurs r\u00e9partis sur 4 facult\u00e9s et 4 \u00e9coles, enregistre par ailleurs plusieurs distinctions acad\u00e9miques et scientifiques au cours de l&#8217;ann\u00e9e \u00e9coul\u00e9e. <br \/>\u00a0<\/p>\n","protected":false},"excerpt":{"rendered":"Cette rentr\u00e9e s&#8217;inscrit dans la continuit\u00e9 d&#8217;une dynamique positive, avec une augmentation significative des effectifs, pass\u00e9s de 25&hellip;\n","protected":false},"author":2,"featured_media":10076,"comment_status":"","ping_status":"","sticky":false,"template":"","format":"standard","meta":{"footnotes":""},"categories":[41],"tags":[554,553,555,556,563,565,560,567,561,557,162,566,564,558,559,158,562,248,239,310,568],"class_list":{"0":"post-10075","1":"post","2":"type-post","3":"status-publish","4":"format-standard","5":"has-post-thumbnail","7":"category-maroc","8":"tag-actualites","9":"tag-actualites-et-infos-au-maroc","10":"tag-actualites-et-infos-mondiale","11":"tag-actualites-marocaines-du-jour","12":"tag-alimentation","13":"tag-analyses","14":"tag-art-de-vivre","15":"tag-chronique","16":"tag-consommation-et-bien-etre","17":"tag-culture","18":"tag-economie","19":"tag-edito","20":"tag-etudes","21":"tag-insolite","22":"tag-loisirs","23":"tag-maroc","24":"tag-mode","25":"tag-politique","26":"tag-societe","27":"tag-sport","28":"tag-tribune"},"share_on_mastodon":{"url":"","error":""},"_links":{"self":[{"href":"https:\/\/www.europesays.com\/africa\/wp-json\/wp\/v2\/posts\/10075","targetHints":{"allow":["GET"]}}],"collection":[{"href":"https:\/\/www.europesays.com\/africa\/wp-json\/wp\/v2\/posts"}],"about":[{"href":"https:\/\/www.europesays.com\/africa\/wp-json\/wp\/v2\/types\/post"}],"author":[{"embeddable":true,"href":"https:\/\/www.europesays.com\/africa\/wp-json\/wp\/v2\/users\/2"}],"replies":[{"embeddable":true,"href":"https:\/\/www.europesays.com\/africa\/wp-json\/wp\/v2\/comments?post=10075"}],"version-history":[{"count":0,"href":"https:\/\/www.europesays.com\/africa\/wp-json\/wp\/v2\/posts\/10075\/revisions"}],"wp:featuredmedia":[{"embeddable":true,"href":"https:\/\/www.europesays.com\/africa\/wp-json\/wp\/v2\/media\/10076"}],"wp:attachment":[{"href":"https:\/\/www.europesays.com\/africa\/wp-json\/wp\/v2\/media?parent=10075"}],"wp:term":[{"taxonomy":"category","embeddable":true,"href":"https:\/\/www.europesays.com\/africa\/wp-json\/wp\/v2\/categories?post=10075"},{"taxonomy":"post_tag","embeddable":true,"href":"https:\/\/www.europesays.com\/africa\/wp-json\/wp\/v2\/tags?post=10075"}],"curies":[{"name":"wp","href":"https:\/\/api.w.org\/{rel}","templated":true}]}}