{"id":10109,"date":"2026-01-07T22:13:08","date_gmt":"2026-01-07T22:13:08","guid":{"rendered":"https:\/\/www.europesays.com\/africa\/10109\/"},"modified":"2026-01-07T22:13:08","modified_gmt":"2026-01-07T22:13:08","slug":"lancement-des-groupements-sanitaires-territoriaux","status":"publish","type":"post","link":"https:\/\/www.europesays.com\/africa\/10109\/","title":{"rendered":"lancement des Groupements Sanitaires Territoriaux"},"content":{"rendered":"<p data-start=\"318\" data-end=\"788\">Le gouvernement marocain acc\u00e9l\u00e8re la mise en \u0153uvre des Groupements Sanitaires Territoriaux, un des axes majeurs de la r\u00e9forme du syst\u00e8me de sant\u00e9 nationale, visant \u00e0 am\u00e9liorer la qualit\u00e9 des soins et l\u2019acc\u00e8s aux services m\u00e9dicaux sur tout le territoire. Cette initiative strat\u00e9gique, soutenue par les Hautes Orientations Royales, constitue un pilier central pour construire un syst\u00e8me de sant\u00e9 int\u00e9gr\u00e9, \u00e9quitable et efficient.<\/p>\n<p data-start=\"790\" data-end=\"1197\">Le Chef du gouvernement, Aziz Akhannouch, a soulign\u00e9 l\u2019importance de l\u2019implication de tous les acteurs, au niveau central et r\u00e9gional, pour garantir le succ\u00e8s de ces groupements. Les GST permettront d\u2019\u00e9laborer des programmes m\u00e9dicaux r\u00e9gionaux adapt\u00e9s aux sp\u00e9cificit\u00e9s locales, de renforcer l\u2019offre de soins et de fluidifier le parcours des patients, avec un impact direct sur la qualit\u00e9 des services.<\/p>\n<p data-start=\"1199\" data-end=\"1541\">La r\u00e9union du comit\u00e9 de pilotage a \u00e9galement fait le point sur l\u2019avancement du plan d\u2019uniformisation du syst\u00e8me d\u2019information des \u00e9tablissements de sant\u00e9, ainsi que sur le programme d\u2019urgence reposant sur dix projets majeurs pour am\u00e9liorer rapidement les prestations sanitaires et restaurer la confiance dans les \u00e9tablissements publics.<\/p>\n<p data-start=\"1543\" data-end=\"1951\">Concernant les infrastructures, les CHU de Laayoune et de Rabat devraient \u00eatre op\u00e9rationnels cette ann\u00e9e, tandis que dix autres projets permettront l\u2019ajout de 1 430 lits suppl\u00e9mentaires d\u00e8s f\u00e9vrier 2026. La modernisation des centres de sant\u00e9 de proximit\u00e9 avance rapidement, avec 1 130 centres d\u00e9j\u00e0 r\u00e9habilit\u00e9s, et la deuxi\u00e8me phase portant sur 1 600 centres suppl\u00e9mentaires sera lanc\u00e9e cette ann\u00e9e.<\/p>\n<p data-start=\"1953\" data-end=\"2280\">Ont particip\u00e9 \u00e0 cette r\u00e9union MM. Abdelouafi Laftit, ministre de l\u2019Int\u00e9rieur, Amine Tehraoui, ministre de la Sant\u00e9 et de la Protection Sociale, Azzedine El Midaoui, ministre de l\u2019Enseignement sup\u00e9rieur, Fouzi Lekjaa, ministre charg\u00e9 du Budget, ainsi que des repr\u00e9sentants du Secr\u00e9tariat g\u00e9n\u00e9ral du gouvernement et de la CNSS.<\/p>\n","protected":false},"excerpt":{"rendered":"Le gouvernement marocain acc\u00e9l\u00e8re la mise en \u0153uvre des Groupements Sanitaires Territoriaux, un des axes majeurs de la&hellip;\n","protected":false},"author":2,"featured_media":10110,"comment_status":"","ping_status":"","sticky":false,"template":"","format":"standard","meta":{"footnotes":""},"categories":[41],"tags":[158,7133,7134,1714],"class_list":{"0":"post-10109","1":"post","2":"type-post","3":"status-publish","4":"format-standard","5":"has-post-thumbnail","7":"category-maroc","8":"tag-maroc","9":"tag-reforme-sante","10":"tag-sanitaires-territoriaux","11":"tag-sante"},"share_on_mastodon":{"url":"","error":""},"_links":{"self":[{"href":"https:\/\/www.europesays.com\/africa\/wp-json\/wp\/v2\/posts\/10109","targetHints":{"allow":["GET"]}}],"collection":[{"href":"https:\/\/www.europesays.com\/africa\/wp-json\/wp\/v2\/posts"}],"about":[{"href":"https:\/\/www.europesays.com\/africa\/wp-json\/wp\/v2\/types\/post"}],"author":[{"embeddable":true,"href":"https:\/\/www.europesays.com\/africa\/wp-json\/wp\/v2\/users\/2"}],"replies":[{"embeddable":true,"href":"https:\/\/www.europesays.com\/africa\/wp-json\/wp\/v2\/comments?post=10109"}],"version-history":[{"count":0,"href":"https:\/\/www.europesays.com\/africa\/wp-json\/wp\/v2\/posts\/10109\/revisions"}],"wp:featuredmedia":[{"embeddable":true,"href":"https:\/\/www.europesays.com\/africa\/wp-json\/wp\/v2\/media\/10110"}],"wp:attachment":[{"href":"https:\/\/www.europesays.com\/africa\/wp-json\/wp\/v2\/media?parent=10109"}],"wp:term":[{"taxonomy":"category","embeddable":true,"href":"https:\/\/www.europesays.com\/africa\/wp-json\/wp\/v2\/categories?post=10109"},{"taxonomy":"post_tag","embeddable":true,"href":"https:\/\/www.europesays.com\/africa\/wp-json\/wp\/v2\/tags?post=10109"}],"curies":[{"name":"wp","href":"https:\/\/api.w.org\/{rel}","templated":true}]}}