{"id":10161,"date":"2026-01-07T22:54:06","date_gmt":"2026-01-07T22:54:06","guid":{"rendered":"https:\/\/www.europesays.com\/africa\/10161\/"},"modified":"2026-01-07T22:54:06","modified_gmt":"2026-01-07T22:54:06","slug":"riyad-mahrez-condamne-et-sanctionne","status":"publish","type":"post","link":"https:\/\/www.europesays.com\/africa\/10161\/","title":{"rendered":"Riyad Mahrez condamn\u00e9 et sanctionn\u00e9"},"content":{"rendered":"<p>L\u2019Alg\u00e9rie a d\u00e9croch\u00e9 son ticket pour les quarts de finale de la CAN 2025 au bout du suspense contre le Congo mardi soir (1-0). Un match au cours duquel le capitaine alg\u00e9rien Riyad Mahrez n\u2019a pas brill\u00e9.<\/p>\n<p>En pleine reconstruction et loin d\u2019arriver au Maroc avec le statut de favori, <a href=\"https:\/\/www.foot01.com\/can-2025\/can-2025-boulbina-libere-lalgerie\" target=\"_self\" rel=\"nofollow noopener\">l\u2019Alg\u00e9rie a d\u00e9j\u00e0 atteint son objectif<\/a>. Les Fennecs se sont hiss\u00e9s en quarts de finale mardi soir en venant difficilement \u00e0 bout de la R\u00e9publique D\u00e9mocratique du Congo. Une victoire acquise dans la douleur gr\u00e2ce \u00e0 un but au bout du temps additionnel pour l\u2019emporter sur le gong (1-0). L\u2019\u00e9quipe de Vladimir Petkovic affrontera le Nigeria samedi en quart de finale, une affiche pour laquelle les tauliers de l\u2019Alg\u00e9rie vont devoir r\u00e9pondre pr\u00e9sent.<\/p>\n<p>Riyad Mahrez en fait partie et l\u2019ancien joueur de Manchester City va devoir mettre le r\u00e9veil. Car si sa phase de poule a \u00e9t\u00e9 correcte, on ne peut pas en dire autant de son match fantomatique face au Congo. Ce n\u2019est pas Walid Acherchour qui va dire l\u2019inverse puisque le consultant de l\u2019After Foot sur RMC est tr\u00e8s inquiet par le niveau affich\u00e9 par le joueur d\u2019Al-Ahli dans l\u2019optique de ce quart de final. Au point d\u2019imaginer sa rel\u00e9gation sur le banc pour l\u2019affiche de ce week-end.<\/p>\n<p>Acherchour envoie Mahrez sur le banc<\/p>\n<p>\u00ab Mahrez a \u00e9t\u00e9 un poids avec le ballon, les coups de pied arr\u00eat\u00e9s ont \u00e9t\u00e9 tr\u00e8s tr\u00e8s mal tir\u00e9s alors qu\u2019on sait tr\u00e8s bien que dans ce type de matchs ce sont des g\u00e2chettes tr\u00e8s importantes. Les d\u00e9bats vont revenir m\u00eame si on sait tr\u00e8s bien qu\u2019il va continuer \u00e0 jouer. Mais si c\u2019est ce Mahrez-l\u00e0 contre le Nigeria, en fait tu joues \u00e0 cloche-pied \u00bb estime le journaliste de l\u2019After Foot, de moins en moins convaincu par la n\u00e9cessit\u00e9 pour l\u2019Alg\u00e9rie de jouer avec Riyad Mahrez.<\/p>\n<p>Align\u00e9 dans le couloir droit contre le Congo, celui qui a port\u00e9 les couleurs de Leicester n\u2019a pas r\u00e9alis\u00e9 la moindre diff\u00e9rence. Transparent avec le ballon et peu utile sur le plan d\u00e9fensif, le capitaine des Fennecs est clairement menac\u00e9. Reste \u00e0 voir quel sera le choix de Vladimir Petkovic pour le quart de final face au Nigeria de Lookman et Osimhen, \u00e9pouvantail de cette CAN apr\u00e8s son parcours parfait jusqu\u2019alors.<\/p>\n","protected":false},"excerpt":{"rendered":"L\u2019Alg\u00e9rie a d\u00e9croch\u00e9 son ticket pour les quarts de finale de la CAN 2025 au bout du suspense&hellip;\n","protected":false},"author":2,"featured_media":10162,"comment_status":"","ping_status":"","sticky":false,"template":"","format":"standard","meta":{"footnotes":""},"categories":[254],"tags":[255,179,2208],"class_list":{"0":"post-10161","1":"post","2":"type-post","3":"status-publish","4":"format-standard","5":"has-post-thumbnail","7":"category-algerie","8":"tag-algerie","9":"tag-can-2025","10":"tag-foot-mondial"},"share_on_mastodon":{"url":"","error":""},"_links":{"self":[{"href":"https:\/\/www.europesays.com\/africa\/wp-json\/wp\/v2\/posts\/10161","targetHints":{"allow":["GET"]}}],"collection":[{"href":"https:\/\/www.europesays.com\/africa\/wp-json\/wp\/v2\/posts"}],"about":[{"href":"https:\/\/www.europesays.com\/africa\/wp-json\/wp\/v2\/types\/post"}],"author":[{"embeddable":true,"href":"https:\/\/www.europesays.com\/africa\/wp-json\/wp\/v2\/users\/2"}],"replies":[{"embeddable":true,"href":"https:\/\/www.europesays.com\/africa\/wp-json\/wp\/v2\/comments?post=10161"}],"version-history":[{"count":0,"href":"https:\/\/www.europesays.com\/africa\/wp-json\/wp\/v2\/posts\/10161\/revisions"}],"wp:featuredmedia":[{"embeddable":true,"href":"https:\/\/www.europesays.com\/africa\/wp-json\/wp\/v2\/media\/10162"}],"wp:attachment":[{"href":"https:\/\/www.europesays.com\/africa\/wp-json\/wp\/v2\/media?parent=10161"}],"wp:term":[{"taxonomy":"category","embeddable":true,"href":"https:\/\/www.europesays.com\/africa\/wp-json\/wp\/v2\/categories?post=10161"},{"taxonomy":"post_tag","embeddable":true,"href":"https:\/\/www.europesays.com\/africa\/wp-json\/wp\/v2\/tags?post=10161"}],"curies":[{"name":"wp","href":"https:\/\/api.w.org\/{rel}","templated":true}]}}