{"id":10165,"date":"2026-01-07T22:56:07","date_gmt":"2026-01-07T22:56:07","guid":{"rendered":"https:\/\/www.europesays.com\/africa\/10165\/"},"modified":"2026-01-07T22:56:07","modified_gmt":"2026-01-07T22:56:07","slug":"maroc-standard-chartered-anticipe-une-croissance-de-45-en-2026","status":"publish","type":"post","link":"https:\/\/www.europesays.com\/africa\/10165\/","title":{"rendered":"Maroc : Standard Chartered anticipe une croissance de 4,5 % en 2026"},"content":{"rendered":"<p>D\u2019apr\u00e8s ses pr\u00e9visions \u00e9conomiques mondiales pour 2026, Standard Chartered estime que le Maroc devrait maintenir une dynamique de croissance soutenue, port\u00e9e par la solidit\u00e9 de la demande int\u00e9rieure et le dynamisme de l\u2019investissement, malgr\u00e9 un contexte \u00e9conomique international incertain. La banque pr\u00e9voit ainsi une progression du PIB de 4,5 % en 2026, apr\u00e8s une croissance\u2026&#8230; <\/p>\n<p>Ce contenu est r\u00e9serv\u00e9 aux membres du niveau Premium, Semestriel, Trimestriel, Mensuel, Hebdomadaire, Un jour, et T\u00e9l\u00e9charger un MAGAZINE (PDF) uniquement.<br \/><a href=\"https:\/\/www.financialafrik.com\/compte-dadherent\/niveaux-dadhesion\/\" rel=\"nofollow noopener\" target=\"_blank\">Adh\u00e9rer<\/a><\/p>\n","protected":false},"excerpt":{"rendered":"D\u2019apr\u00e8s ses pr\u00e9visions \u00e9conomiques mondiales pour 2026, Standard Chartered estime que le Maroc devrait maintenir une dynamique de&hellip;\n","protected":false},"author":2,"featured_media":10166,"comment_status":"","ping_status":"","sticky":false,"template":"","format":"standard","meta":{"footnotes":""},"categories":[41],"tags":[4971,158,7157],"class_list":{"0":"post-10165","1":"post","2":"type-post","3":"status-publish","4":"format-standard","5":"has-post-thumbnail","7":"category-maroc","8":"tag-alerte","9":"tag-maroc","10":"tag-standard-chartered"},"share_on_mastodon":{"url":"","error":""},"_links":{"self":[{"href":"https:\/\/www.europesays.com\/africa\/wp-json\/wp\/v2\/posts\/10165","targetHints":{"allow":["GET"]}}],"collection":[{"href":"https:\/\/www.europesays.com\/africa\/wp-json\/wp\/v2\/posts"}],"about":[{"href":"https:\/\/www.europesays.com\/africa\/wp-json\/wp\/v2\/types\/post"}],"author":[{"embeddable":true,"href":"https:\/\/www.europesays.com\/africa\/wp-json\/wp\/v2\/users\/2"}],"replies":[{"embeddable":true,"href":"https:\/\/www.europesays.com\/africa\/wp-json\/wp\/v2\/comments?post=10165"}],"version-history":[{"count":0,"href":"https:\/\/www.europesays.com\/africa\/wp-json\/wp\/v2\/posts\/10165\/revisions"}],"wp:featuredmedia":[{"embeddable":true,"href":"https:\/\/www.europesays.com\/africa\/wp-json\/wp\/v2\/media\/10166"}],"wp:attachment":[{"href":"https:\/\/www.europesays.com\/africa\/wp-json\/wp\/v2\/media?parent=10165"}],"wp:term":[{"taxonomy":"category","embeddable":true,"href":"https:\/\/www.europesays.com\/africa\/wp-json\/wp\/v2\/categories?post=10165"},{"taxonomy":"post_tag","embeddable":true,"href":"https:\/\/www.europesays.com\/africa\/wp-json\/wp\/v2\/tags?post=10165"}],"curies":[{"name":"wp","href":"https:\/\/api.w.org\/{rel}","templated":true}]}}