{"id":10198,"date":"2026-01-07T23:23:24","date_gmt":"2026-01-07T23:23:24","guid":{"rendered":"https:\/\/www.europesays.com\/africa\/10198\/"},"modified":"2026-01-07T23:23:24","modified_gmt":"2026-01-07T23:23:24","slug":"can-2025-les-joueurs-du-nigeria-menaceraient-de-boycotter-lentrainement-avant-leur-quart-contre-lalgerie","status":"publish","type":"post","link":"https:\/\/www.europesays.com\/africa\/10198\/","title":{"rendered":"CAN 2025\u00a0: les joueurs du Nigeria menaceraient de boycotter l\u2019entra\u00eenement avant leur quart contre l\u2019Alg\u00e9rie"},"content":{"rendered":"<p class=\"paragraph text_align_left lp-f-body-02\">L\u2019encadrement alg\u00e9rien doit actuellement plancher sur un moyen de d\u00e9r\u00e9gler la belle alchimie des Super Eagles, mais la f\u00e9d\u00e9ration nig\u00e9riane pourrait s\u2019en charger elle-m\u00eame. Selon le journaliste Oluwashina Okeleji, <a href=\"https:\/\/www.leparisien.fr\/sports\/football\/coupe-d-afrique-des-nations\/can-2025-aucun-probleme-le-nigeria-eteint-la-rumeur-dun-depart-dosimhen-apres-sa-brouille-avec-lookman-07-01-2026-QCGIEQUGQ5HRBCOZ5YPCTUJLCA.php\" target=\"_self\" rel=\"nofollow noopener\">Victor Osimhen, ses partenaires<\/a> et le staff sont toujours dans l\u2019attente de primes promises par leurs dirigeants en cas de victoires lors des matchs de la phase de groupes et en huiti\u00e8mes de finale de la <a href=\"https:\/\/www.leparisien.fr\/sports\/football\/coupe-d-afrique-des-nations\/\" target=\"_self\" rel=\"nofollow noopener\">Coupe d\u2019Afrique des nations 2025<\/a>.<\/p>\n<p class=\"\">L\u2019\u00e9quipe d\u2019\u00c9ric Chelle s\u2019est impos\u00e9e lors de ses quatre premi\u00e8res sorties face \u00e0 la Tanzanie (2-1), la Tunisie (3-2), l\u2019Ouganda (3-1) et le <a href=\"https:\/\/www.leparisien.fr\/sports\/football\/coupe-d-afrique-des-nations\/nigeria-mozambique-4-0-victor-osimhen-et-les-super-eagles-en-demonstration-pour-voler-vers-les-quarts-de-la-can-05-01-2026-NTZMFJZU3JF3BKKXE6YXQ3ECQQ.php\" target=\"_self\" rel=\"nofollow noopener\">Mozambique (4-0)<\/a>. D\u00e9sormais, elle r\u00e9clamerait son d\u00fb, selon le reporter sp\u00e9cialiste du sport en Afrique. Afin de faire pression, les Super Eagles auraient menac\u00e9 de ne pas s\u2019entra\u00eener, ni de se rendre \u00e0 Marrakech jeudi si aucune solution n\u2019est trouv\u00e9e.<\/p>\n<p>D\u00e9j\u00e0 une gr\u00e8ve en novembre<\/p>\n<p class=\"\">Ils assurent \u00eatre toujours focalis\u00e9s sur leur rencontre avec <a href=\"https:\/\/www.leparisien.fr\/sports\/football\/coupe-d-afrique-des-nations\/quand-les-reves-deviennent-realite-adil-boulbina-linvite-surprise-devenu-heros-de-lalgerie-a-la-can-06-01-2026-RULPJJXMBJEQVOT4ZL2RIHSJ3Q.php\" target=\"_self\" rel=\"nofollow noopener\">l\u2019Alg\u00e9rie en quarts de finale<\/a>, samedi (17 heures), mais esp\u00e8rent que cette affaire sera rapidement r\u00e9solue. En l\u2019\u00e9tat, les Nig\u00e9rians pourraient ainsi ne pas s\u2019entra\u00eener ce jeudi.<\/p>\n<p class=\"\">Ce type de probl\u00e8mes n\u2019est pas in\u00e9dit au sein de cette f\u00e9d\u00e9ration. Les joueurs du Nigeria avaient conduit une gr\u00e8ve peu avant la demi-finale des barrages de la zone Afrique pour la Coupe du monde 2026 en novembre. Ils ne s\u2019\u00e9taient pas entra\u00een\u00e9s deux jours avant leur match. S\u2019ils avaient battu le Gabon (4-1), ils avaient ensuite pli\u00e9 contre la R\u00e9publique d\u00e9mocratique du Congo (1-1, 4-3 aux t.a.b.).<\/p>\n","protected":false},"excerpt":{"rendered":"L\u2019encadrement alg\u00e9rien doit actuellement plancher sur un moyen de d\u00e9r\u00e9gler la belle alchimie des Super Eagles, mais la&hellip;\n","protected":false},"author":2,"featured_media":10199,"comment_status":"","ping_status":"","sticky":false,"template":"","format":"standard","meta":{"footnotes":""},"categories":[254],"tags":[255,360,311,264],"class_list":{"0":"post-10198","1":"post","2":"type-post","3":"status-publish","4":"format-standard","5":"has-post-thumbnail","7":"category-algerie","8":"tag-algerie","9":"tag-can","10":"tag-football","11":"tag-sports"},"share_on_mastodon":{"url":"","error":""},"_links":{"self":[{"href":"https:\/\/www.europesays.com\/africa\/wp-json\/wp\/v2\/posts\/10198","targetHints":{"allow":["GET"]}}],"collection":[{"href":"https:\/\/www.europesays.com\/africa\/wp-json\/wp\/v2\/posts"}],"about":[{"href":"https:\/\/www.europesays.com\/africa\/wp-json\/wp\/v2\/types\/post"}],"author":[{"embeddable":true,"href":"https:\/\/www.europesays.com\/africa\/wp-json\/wp\/v2\/users\/2"}],"replies":[{"embeddable":true,"href":"https:\/\/www.europesays.com\/africa\/wp-json\/wp\/v2\/comments?post=10198"}],"version-history":[{"count":0,"href":"https:\/\/www.europesays.com\/africa\/wp-json\/wp\/v2\/posts\/10198\/revisions"}],"wp:featuredmedia":[{"embeddable":true,"href":"https:\/\/www.europesays.com\/africa\/wp-json\/wp\/v2\/media\/10199"}],"wp:attachment":[{"href":"https:\/\/www.europesays.com\/africa\/wp-json\/wp\/v2\/media?parent=10198"}],"wp:term":[{"taxonomy":"category","embeddable":true,"href":"https:\/\/www.europesays.com\/africa\/wp-json\/wp\/v2\/categories?post=10198"},{"taxonomy":"post_tag","embeddable":true,"href":"https:\/\/www.europesays.com\/africa\/wp-json\/wp\/v2\/tags?post=10198"}],"curies":[{"name":"wp","href":"https:\/\/api.w.org\/{rel}","templated":true}]}}