{"id":10200,"date":"2026-01-07T23:24:07","date_gmt":"2026-01-07T23:24:07","guid":{"rendered":"https:\/\/www.europesays.com\/africa\/10200\/"},"modified":"2026-01-07T23:24:07","modified_gmt":"2026-01-07T23:24:07","slug":"bassirou-diomaye-faye-en-visite-officielle-au-koweit-du-12-au-14","status":"publish","type":"post","link":"https:\/\/www.europesays.com\/africa\/10200\/","title":{"rendered":"Bassirou Diomaye Faye en visite officielle au Kowe\u00eft du 12 au 14"},"content":{"rendered":"<p>            <a href=\"https:\/\/www.europesays.com\/africa\/wp-content\/uploads\/2026\/01\/Voyage-president-Bassirou-Diomaye-Faye-en-avion.jpeg\" data-caption=\"\"><img loading=\"lazy\" decoding=\"async\" width=\"696\" height=\"464\" class=\"entry-thumb td-modal-image\" src=\"data:image\/svg+xml,%3Csvg%20xmlns=\" http:=\"\" data-lazy- data-lazy- alt=\"Voyage pr\u00e9sident Bassirou Diomaye Faye en avion\" title=\"Voyage pr\u00e9sident Bassirou Diomaye Faye en avion\" data-lazy-src=\"https:\/\/www.europesays.com\/africa\/wp-content\/uploads\/2026\/01\/Voyage-president-Bassirou-Diomaye-Faye-en-avion.jpeg\"\/><img loading=\"lazy\" decoding=\"async\" width=\"696\" height=\"464\" class=\"entry-thumb td-modal-image\" src=\"https:\/\/www.europesays.com\/africa\/wp-content\/uploads\/2026\/01\/Voyage-president-Bassirou-Diomaye-Faye-en-avion.jpeg\"   alt=\"Voyage pr\u00e9sident Bassirou Diomaye Faye en avion\" title=\"Voyage pr\u00e9sident Bassirou Diomaye Faye en avion\"\/><\/a><\/p>\n<p style=\"text-align: justify;\">Le Chef de l\u2019Etat Bassirou Diomaye Faye va effectuer une visite officielle au Kowe\u00eft du 12 au 14 janvier.<\/p>\n<p style=\"text-align: justify;\">Le Pr\u00e9sident de la R\u00e9publique \u00e9voquant son agenda a inform\u00e9 ce mercredi le Conseil des ministres qu\u2019il va effectuer, du 12 au 14 janvier 2026, une visite officielle au Kowe\u00eft. En outre, il participera le 15 janvier 2026 \u00e0 la Semaine de la Durabilit\u00e9 d\u2019Abu Dhabi.<\/p>\n<p style=\"text-align: justify;\">La Semaine de la Durabilit\u00e9 d\u2019Abu Dhabi (ADSW) est un \u00e9v\u00e9nement mondial majeur organis\u00e9 par Masdar \u00e0 Abu Dhabi, r\u00e9unissant dirigeants, innovateurs et d\u00e9cideurs pour acc\u00e9l\u00e9rer le d\u00e9veloppement durable, avec une \u00e9dition en janvier 2026 qui abordera le th\u00e8me \u00ab\u00a0The Nexus of Next: All Systems Go\u00a0\u00bb pour connecter ambition et action en mati\u00e8re d\u2019innovation, de finance et d\u2019impact social et environnemental. <\/p>\n<p style=\"text-align: justify;\">C\u2019est une plateforme cl\u00e9 pour discuter des transitions \u00e9nerg\u00e9tiques, des solutions climatiques et des investissements durables, sous le patronage du Pr\u00e9sident des \u00c9mirats Arabes Unis.<\/p>\n","protected":false},"excerpt":{"rendered":"Le Chef de l\u2019Etat Bassirou Diomaye Faye va effectuer une visite officielle au Kowe\u00eft du 12 au 14&hellip;\n","protected":false},"author":2,"featured_media":10201,"comment_status":"","ping_status":"","sticky":false,"template":"","format":"standard","meta":{"footnotes":""},"categories":[48],"tags":[7165,7166,7167,7168,7169,7170,7171,7172,7173,7174,7175,159,7176,7177,7178],"class_list":{"0":"post-10200","1":"post","2":"type-post","3":"status-publish","4":"format-standard","5":"has-post-thumbnail","7":"category-senegal","8":"tag-bassirou-diomaye-faye-au-koweit","9":"tag-bassirou-diomaye-faye-en-visite-au-koweit","10":"tag-bassirou-diomaye-faye-en-visite-officielle-au-koweit","11":"tag-bassirou-diomaye-faye-en-visite-officielle-au-koweit-du-12-au-14-janvier","12":"tag-diomaye-faye-au-koweit","13":"tag-koweit","14":"tag-la-semaine-de-la-durabilite-dabu-dhabi","15":"tag-la-visite-officielle-au-koweit","16":"tag-la-visite-officielle-au-koweit-de-bassirou-diomaye-faye","17":"tag-retirer-un-terme-bassirou-diomaye-faye-au-kowei-bassirou-diomaye-faye-au-koweit","18":"tag-semaine-de-la-durabilite-dabu-dhabi","19":"tag-senegal","20":"tag-une-visite-officielle-au-koweit","21":"tag-visite-de-bassirou-diomaye-faye-au-koweit","22":"tag-visite-officielle-au-koweit"},"share_on_mastodon":{"url":"","error":""},"_links":{"self":[{"href":"https:\/\/www.europesays.com\/africa\/wp-json\/wp\/v2\/posts\/10200","targetHints":{"allow":["GET"]}}],"collection":[{"href":"https:\/\/www.europesays.com\/africa\/wp-json\/wp\/v2\/posts"}],"about":[{"href":"https:\/\/www.europesays.com\/africa\/wp-json\/wp\/v2\/types\/post"}],"author":[{"embeddable":true,"href":"https:\/\/www.europesays.com\/africa\/wp-json\/wp\/v2\/users\/2"}],"replies":[{"embeddable":true,"href":"https:\/\/www.europesays.com\/africa\/wp-json\/wp\/v2\/comments?post=10200"}],"version-history":[{"count":0,"href":"https:\/\/www.europesays.com\/africa\/wp-json\/wp\/v2\/posts\/10200\/revisions"}],"wp:featuredmedia":[{"embeddable":true,"href":"https:\/\/www.europesays.com\/africa\/wp-json\/wp\/v2\/media\/10201"}],"wp:attachment":[{"href":"https:\/\/www.europesays.com\/africa\/wp-json\/wp\/v2\/media?parent=10200"}],"wp:term":[{"taxonomy":"category","embeddable":true,"href":"https:\/\/www.europesays.com\/africa\/wp-json\/wp\/v2\/categories?post=10200"},{"taxonomy":"post_tag","embeddable":true,"href":"https:\/\/www.europesays.com\/africa\/wp-json\/wp\/v2\/tags?post=10200"}],"curies":[{"name":"wp","href":"https:\/\/api.w.org\/{rel}","templated":true}]}}