{"id":1023,"date":"2026-01-03T19:18:31","date_gmt":"2026-01-03T19:18:31","guid":{"rendered":"https:\/\/www.europesays.com\/africa\/1023\/"},"modified":"2026-01-03T19:18:31","modified_gmt":"2026-01-03T19:18:31","slug":"2026-pourquoi-le-congo-brazzaville-comptera-en-afrique","status":"publish","type":"post","link":"https:\/\/www.europesays.com\/africa\/1023\/","title":{"rendered":"2026 : pourquoi le Congo-Brazzaville comptera en Afrique"},"content":{"rendered":"<p class=\"font-sourceSerif text-lg font-normal leading-[1.35] tracking-[0.02em] text-gray10 md:!text-2xl\">\u00c0 l\u2019approche de la pr\u00e9sidentielle de 2026, le Congo-Brazzaville revient progressivement au centre du jeu africain. Redressement \u00e9conomique inattendu, recomposition des \u00e9quilibres financiers et repositionnement diplomatique : au-del\u00e0 du scrutin, c\u2019est la trajectoire r\u00e9cente du pays qui retient d\u00e9sormais l\u2019attention des observateurs r\u00e9gionaux et internationaux.<\/p>\n","protected":false},"excerpt":{"rendered":"\u00c0 l\u2019approche de la pr\u00e9sidentielle de 2026, le Congo-Brazzaville revient progressivement au centre du jeu africain. Redressement \u00e9conomique&hellip;\n","protected":false},"author":2,"featured_media":1024,"comment_status":"","ping_status":"","sticky":false,"template":"","format":"standard","meta":{"footnotes":""},"categories":[62],"tags":[64,1261,1259,1258,1257,1262,162,1260,1263,1264],"class_list":{"0":"post-1023","1":"post","2":"type-post","3":"status-publish","4":"format-standard","5":"has-post-thumbnail","7":"category-afrique","8":"tag-afrique","9":"tag-attractivite","10":"tag-congo","11":"tag-congo-brazzaville","12":"tag-continent-africain","13":"tag-croissance","14":"tag-economie","15":"tag-elections","16":"tag-investissements","17":"tag-pib"},"share_on_mastodon":{"url":"","error":""},"_links":{"self":[{"href":"https:\/\/www.europesays.com\/africa\/wp-json\/wp\/v2\/posts\/1023","targetHints":{"allow":["GET"]}}],"collection":[{"href":"https:\/\/www.europesays.com\/africa\/wp-json\/wp\/v2\/posts"}],"about":[{"href":"https:\/\/www.europesays.com\/africa\/wp-json\/wp\/v2\/types\/post"}],"author":[{"embeddable":true,"href":"https:\/\/www.europesays.com\/africa\/wp-json\/wp\/v2\/users\/2"}],"replies":[{"embeddable":true,"href":"https:\/\/www.europesays.com\/africa\/wp-json\/wp\/v2\/comments?post=1023"}],"version-history":[{"count":0,"href":"https:\/\/www.europesays.com\/africa\/wp-json\/wp\/v2\/posts\/1023\/revisions"}],"wp:featuredmedia":[{"embeddable":true,"href":"https:\/\/www.europesays.com\/africa\/wp-json\/wp\/v2\/media\/1024"}],"wp:attachment":[{"href":"https:\/\/www.europesays.com\/africa\/wp-json\/wp\/v2\/media?parent=1023"}],"wp:term":[{"taxonomy":"category","embeddable":true,"href":"https:\/\/www.europesays.com\/africa\/wp-json\/wp\/v2\/categories?post=1023"},{"taxonomy":"post_tag","embeddable":true,"href":"https:\/\/www.europesays.com\/africa\/wp-json\/wp\/v2\/tags?post=1023"}],"curies":[{"name":"wp","href":"https:\/\/api.w.org\/{rel}","templated":true}]}}