{"id":10267,"date":"2026-01-08T00:19:10","date_gmt":"2026-01-08T00:19:10","guid":{"rendered":"https:\/\/www.europesays.com\/africa\/10267\/"},"modified":"2026-01-08T00:19:10","modified_gmt":"2026-01-08T00:19:10","slug":"afrique-can-2025-des-quarts-de-finale-sous-le-signe-de-la-tension-et-du-prestige","status":"publish","type":"post","link":"https:\/\/www.europesays.com\/africa\/10267\/","title":{"rendered":"Afrique: CAN 2025 &#8211; Des quarts de finale sous le signe de la tension et du prestige"},"content":{"rendered":"<p class=\"story-body-text\" data-para-word-count=\"53\">Le continent africain s\u2019appr\u00eate \u00e0 vibrer au rythme de quarts de finale de la Coupe d\u2019Afrique des nations aux allures de chocs historiques. Huit s\u00e9lections, port\u00e9es par leurs ambitions et leurs peuples, s\u2019affrontent pour une place dans le dernier carr\u00e9, dans des rencontres o\u00f9 chaque d\u00e9tail peut faire basculer une nation dans l\u2019histoire.<\/p>\n<p class=\"story-body-text\" data-para-word-count=\"25\">Durant deux jours, le football africain sera \u00e0 son apog\u00e9e, avec des confrontations entre poids lourds du continent et des rivalit\u00e9s r\u00e9gionales toujours aussi intenses.<\/p>\n<p class=\"story-body-text\" data-para-word-count=\"10\">S\u00e9n\u00e9gal \u2013 Mali : un derby ouest-africain \u00e0 haute intensit\u00e9<\/p>\n<p class=\"story-body-text\" data-para-word-count=\"24\">Solide et convaincant depuis le d\u00e9but du tournoi, le S\u00e9n\u00e9gal ouvrira ces quarts de finale face au Mali, ce vendredi \u00e0 17h \u00e0 Tanger.<\/p>\n<p class=\"story-body-text\" style=\"text-align: center;\">\n<p>Restez inform\u00e9 des derniers gros titres sur <a href=\"https:\/\/whatsapp.com\/channel\/0029Vae09IP4inotqC0BUQ2V\" target=\"_blank\" rel=\"nofollow noopener\">WhatsApp<\/a> | <a href=\"https:\/\/www.linkedin.com\/company\/allafrica\/\" target=\"_blank\" rel=\"nofollow noopener\">LinkedIn<\/a><\/p>\n<p class=\"story-body-text\" data-para-word-count=\"52\">Au-del\u00e0 du score, c\u2019est une bataille d\u2019Afrique de l\u2019Ouest qui se profile, opposant deux \u00e9quipes disciplin\u00e9es, physiquement pr\u00eates et anim\u00e9es par une rivalit\u00e9 sportive assum\u00e9e. Champions d\u2019Afrique en 2022, les Lions de la T\u00e9ranga portent le statut de favoris, mais les Aigles maliens, lib\u00e9r\u00e9s de toute pression, entendent bien cr\u00e9er la surprise.<\/p>\n<p class=\"story-body-text\" data-para-word-count=\"8\">Cameroun \u2013 Maroc : l\u2019h\u00e9ritage face \u00e0 l\u2019ambition<\/p>\n<p class=\"story-body-text\" data-para-word-count=\"22\">Dans la continuit\u00e9, le duel entre les Lions Indomptables et les Lions de l\u2019Atlas promet une opposition de styles et de g\u00e9n\u00e9rations.<\/p>\n<p class=\"story-body-text\" data-para-word-count=\"37\">Le Cameroun, fort de son exp\u00e9rience et de son histoire, affrontera un Maroc s\u00fbr de sa force, structur\u00e9 et d\u00e9sormais rompu aux grands rendez-vous internationaux. Un match o\u00f9 tradition et modernit\u00e9 se livreront un combat sans concession.<\/p>\n<p class=\"story-body-text\" data-para-word-count=\"9\">Alg\u00e9rie \u2013 Nigeria : puissance et caract\u00e8re au rendez-vous<\/p>\n<p class=\"story-body-text\" data-para-word-count=\"26\">L\u2019Alg\u00e9rie et le Nigeria se retrouveront dans une affiche explosive, opposant des Fennecs combatifs \u00e0 des Super Eagles r\u00e9put\u00e9s pour leur impact physique et leur vitesse.<\/p>\n<p class=\"story-body-text\" data-para-word-count=\"27\">Dans ce choc de temp\u00e9raments, la rigueur tactique alg\u00e9rienne devra r\u00e9sister \u00e0 l\u2019intensit\u00e9 et \u00e0 l\u2019impr\u00e9visibilit\u00e9 nig\u00e9rianes. Une rencontre ind\u00e9cise, o\u00f9 la moindre faille pourrait \u00eatre fatale.<\/p>\n<p class=\"story-body-text\" data-para-word-count=\"13\">\u00c9gypte \u2013 C\u00f4te d\u2019Ivoire : duel de g\u00e9ants pour un r\u00eave de gloire<\/p>\n<p class=\"story-body-text\" data-para-word-count=\"33\">Le dernier quart de finale mettra aux prises l\u2019\u00c9gypte, nation la plus titr\u00e9e de la comp\u00e9tition, et la C\u00f4te d\u2019Ivoire, championne en titre, port\u00e9e par l\u2019espoir d\u2019inscrire une quatri\u00e8me \u00e9toile \u00e0 son palmar\u00e8s.<\/p>\n<p class=\"story-body-text\" data-para-word-count=\"22\">Cette confrontation, v\u00e9ritable finale avant l\u2019heure, offrira un face-\u00e0-face entre deux philosophies du football africain, pour un seul ticket vers les demi-finales.<\/p>\n<p class=\"story-body-text\" data-para-word-count=\"45\">Ces quarts de finale ne se limiteront pas \u00e0 d\u00e9signer des vainqueurs. Ils r\u00e9v\u00e9leront les s\u00e9lections capables d\u2019assumer la pression, de transcender leur histoire et de faire rayonner le football africain. La CAN 2025 entre dans sa phase d\u00e9cisive, l\u00e0 o\u00f9 les l\u00e9gendes prennent forme.<\/p>\n","protected":false},"excerpt":{"rendered":"Le continent africain s\u2019appr\u00eate \u00e0 vibrer au rythme de quarts de finale de la Coupe d\u2019Afrique des nations&hellip;\n","protected":false},"author":2,"featured_media":10268,"comment_status":"","ping_status":"","sticky":false,"template":"","format":"standard","meta":{"footnotes":""},"categories":[62],"tags":[63,64,83,265,262,165,96,322,261,159,323,310,264,263,266,325],"class_list":{"0":"post-10267","1":"post","2":"type-post","3":"status-publish","4":"format-standard","5":"has-post-thumbnail","7":"category-afrique","8":"tag-africa","9":"tag-afrique","10":"tag-business","11":"tag-current-events","12":"tag-economy","13":"tag-morocco","14":"tag-news","15":"tag-north-africa","16":"tag-politics","17":"tag-senegal","18":"tag-soccer","19":"tag-sport","20":"tag-sports","21":"tag-trade","22":"tag-travel","23":"tag-west-africa"},"share_on_mastodon":{"url":"","error":""},"_links":{"self":[{"href":"https:\/\/www.europesays.com\/africa\/wp-json\/wp\/v2\/posts\/10267","targetHints":{"allow":["GET"]}}],"collection":[{"href":"https:\/\/www.europesays.com\/africa\/wp-json\/wp\/v2\/posts"}],"about":[{"href":"https:\/\/www.europesays.com\/africa\/wp-json\/wp\/v2\/types\/post"}],"author":[{"embeddable":true,"href":"https:\/\/www.europesays.com\/africa\/wp-json\/wp\/v2\/users\/2"}],"replies":[{"embeddable":true,"href":"https:\/\/www.europesays.com\/africa\/wp-json\/wp\/v2\/comments?post=10267"}],"version-history":[{"count":0,"href":"https:\/\/www.europesays.com\/africa\/wp-json\/wp\/v2\/posts\/10267\/revisions"}],"wp:featuredmedia":[{"embeddable":true,"href":"https:\/\/www.europesays.com\/africa\/wp-json\/wp\/v2\/media\/10268"}],"wp:attachment":[{"href":"https:\/\/www.europesays.com\/africa\/wp-json\/wp\/v2\/media?parent=10267"}],"wp:term":[{"taxonomy":"category","embeddable":true,"href":"https:\/\/www.europesays.com\/africa\/wp-json\/wp\/v2\/categories?post=10267"},{"taxonomy":"post_tag","embeddable":true,"href":"https:\/\/www.europesays.com\/africa\/wp-json\/wp\/v2\/tags?post=10267"}],"curies":[{"name":"wp","href":"https:\/\/api.w.org\/{rel}","templated":true}]}}