{"id":10273,"date":"2026-01-08T00:22:08","date_gmt":"2026-01-08T00:22:08","guid":{"rendered":"https:\/\/www.europesays.com\/africa\/10273\/"},"modified":"2026-01-08T00:22:08","modified_gmt":"2026-01-08T00:22:08","slug":"bineta-mecanicienne-arretee-et-placee-sous-mandat-de-depot-ses-proches-reagissent-video","status":"publish","type":"post","link":"https:\/\/www.europesays.com\/africa\/10273\/","title":{"rendered":"Bineta M\u00e9canicienne arr\u00eat\u00e9e et plac\u00e9e sous mandat de d\u00e9p\u00f4t : Ses proches r\u00e9agissent (vid\u00e9o)"},"content":{"rendered":"<p class=\"firstp\">L\u2019arrestation et l\u2019incarc\u00e9ration de Bineta Sarr, plus connue sous le surnom de Bineta M\u00e9canicienne, continuent de provoquer une vive \u00e9motion sur les r\u00e9seaux sociaux. Apr\u00e8s l\u2019annonce de son placement en prison, ses proches et coll\u00e8gues de travail ont tenu \u00e0 r\u00e9agir, exprimant leur souhait de la revoir.<\/p>\n<p>Ils appellent \u00e0 la prudence et au respect de la pr\u00e9somption d\u2019innocence, estimant que <a href=\"https:\/\/www.senenews.com\/actualites\/affaire-bineta-mecanicienne-les-revelations-choquantes-de-fall-ndiaga-video_571789.html\" rel=\"nofollow noopener\" target=\"_blank\">Bineta<\/a> ne devrait pas \u00eatre jug\u00e9e avant que la justice n\u2019ait \u00e9tabli tous les faits.<\/p>\n","protected":false},"excerpt":{"rendered":"L\u2019arrestation et l\u2019incarc\u00e9ration de Bineta Sarr, plus connue sous le surnom de Bineta M\u00e9canicienne, continuent de provoquer une&hellip;\n","protected":false},"author":2,"featured_media":10274,"comment_status":"","ping_status":"","sticky":false,"template":"","format":"standard","meta":{"footnotes":""},"categories":[48],"tags":[7207,159,163,888,4189],"class_list":{"0":"post-10273","1":"post","2":"type-post","3":"status-publish","4":"format-standard","5":"has-post-thumbnail","7":"category-senegal","8":"tag-bineta-mecanicienne","9":"tag-senegal","10":"tag-senegal-actualites","11":"tag-senenews-people","12":"tag-senenews-tv"},"share_on_mastodon":{"url":"","error":""},"_links":{"self":[{"href":"https:\/\/www.europesays.com\/africa\/wp-json\/wp\/v2\/posts\/10273","targetHints":{"allow":["GET"]}}],"collection":[{"href":"https:\/\/www.europesays.com\/africa\/wp-json\/wp\/v2\/posts"}],"about":[{"href":"https:\/\/www.europesays.com\/africa\/wp-json\/wp\/v2\/types\/post"}],"author":[{"embeddable":true,"href":"https:\/\/www.europesays.com\/africa\/wp-json\/wp\/v2\/users\/2"}],"replies":[{"embeddable":true,"href":"https:\/\/www.europesays.com\/africa\/wp-json\/wp\/v2\/comments?post=10273"}],"version-history":[{"count":0,"href":"https:\/\/www.europesays.com\/africa\/wp-json\/wp\/v2\/posts\/10273\/revisions"}],"wp:featuredmedia":[{"embeddable":true,"href":"https:\/\/www.europesays.com\/africa\/wp-json\/wp\/v2\/media\/10274"}],"wp:attachment":[{"href":"https:\/\/www.europesays.com\/africa\/wp-json\/wp\/v2\/media?parent=10273"}],"wp:term":[{"taxonomy":"category","embeddable":true,"href":"https:\/\/www.europesays.com\/africa\/wp-json\/wp\/v2\/categories?post=10273"},{"taxonomy":"post_tag","embeddable":true,"href":"https:\/\/www.europesays.com\/africa\/wp-json\/wp\/v2\/tags?post=10273"}],"curies":[{"name":"wp","href":"https:\/\/api.w.org\/{rel}","templated":true}]}}