{"id":10288,"date":"2026-01-08T00:36:19","date_gmt":"2026-01-08T00:36:19","guid":{"rendered":"https:\/\/www.europesays.com\/africa\/10288\/"},"modified":"2026-01-08T00:36:19","modified_gmt":"2026-01-08T00:36:19","slug":"les-anciens-ministres-ismaila-madior-fall-et-sophie-gladima-envoyes-en-proces","status":"publish","type":"post","link":"https:\/\/www.europesays.com\/africa\/10288\/","title":{"rendered":"Les anciens ministres Isma\u00efla Madior Fall et Sophie Gladima envoy\u00e9s en proc\u00e8s"},"content":{"rendered":"<p class=\"firstp\">Les anciens ministres sous l\u2019\u00e8re Macky Sall, <a href=\"https:\/\/www.senenews.com\/actualites\/haute-cour-de-justice-ce-qui-sest-passe-hier-entre-ismaila-madior-fall-et-cheikh-gueye_552065.html\" rel=\"nofollow noopener\" target=\"_blank\">Isma\u00efla Madior Fall<\/a> et A\u00efssatou Sophie Gladima, ont \u00e9t\u00e9 renvoy\u00e9s devant la Haute cour de justice. L\u2019ancien ministre de la Justice, et l\u2019ancienne ministre des Mines et de la G\u00e9ologie, font l\u2019objet de poursuites dans le cadre de proc\u00e9dures distinctes.<\/p>\n<p>D\u2019apr\u00e8s les informations de Seneweb, la commission d\u2019instruction a d\u00e9cid\u00e9, le 7 janvier 2026, de transmettre les deux dossiers \u00e0 la juridiction de jugement. Plac\u00e9e sous l\u2019autorit\u00e9 du premier pr\u00e9sident de la Cour d\u2019appel de Dakar, Abdoulaye Ba, cette instance a achev\u00e9 l\u2019instruction de ces affaires, inscrites dans le processus de reddition des comptes engag\u00e9 par les autorit\u00e9s.\n<\/p>\n<p>A\u00efssatou Sophie Gladima est poursuivie dans le dossier relatif \u00e0 la gestion du fonds Force Covid-19, pour des faits pr\u00e9sum\u00e9s de d\u00e9tournement de deniers publics. De son c\u00f4t\u00e9, Isma\u00efla Madior Fall est mis en cause pour corruption et infractions connexes.\n<\/p>\n<p>La Haute cour de justice, appel\u00e9e \u00e0 conna\u00eetre de ces dossiers, sera compos\u00e9e de magistrats et de parlementaires. Elle sera pr\u00e9sid\u00e9e par le premier pr\u00e9sident de la Cour supr\u00eame, assist\u00e9 du pr\u00e9sident de la chambre p\u00e9nale de cette juridiction. Parmi les huit d\u00e9put\u00e9s d\u00e9sign\u00e9s pour si\u00e9ger comme juges, un seul est issu de l\u2019opposition, les autres appartenant \u00e0 la majorit\u00e9 pr\u00e9sidentielle. Le minist\u00e8re public sera repr\u00e9sent\u00e9 par le procureur g\u00e9n\u00e9ral pr\u00e8s la Cour supr\u00eame.<\/p>\n<p>\u00c0 titre de rappel, il s\u2019agit de la deuxi\u00e8me fois depuis l\u2019ind\u00e9pendance du S\u00e9n\u00e9gal que des membres d\u2019un gouvernement sont traduits devant la Haute cour de justice. Le seul pr\u00e9c\u00e9dent remonte \u00e0 1962, lorsque le Premier ministre d\u2019alors, Mamadou Dia, et plusieurs de ses collaborateurs avaient \u00e9t\u00e9 poursuivis pour tentative de coup d\u2019\u00c9tat, dans un contexte de crise politique sous la pr\u00e9sidence de L\u00e9opold S\u00e9dar Senghor.<\/p>\n","protected":false},"excerpt":{"rendered":"Les anciens ministres sous l\u2019\u00e8re Macky Sall, Isma\u00efla Madior Fall et A\u00efssatou Sophie Gladima, ont \u00e9t\u00e9 renvoy\u00e9s devant&hellip;\n","protected":false},"author":2,"featured_media":10289,"comment_status":"","ping_status":"","sticky":false,"template":"","format":"standard","meta":{"footnotes":""},"categories":[48],"tags":[7208,2861,248,159,163,7209],"class_list":{"0":"post-10288","1":"post","2":"type-post","3":"status-publish","4":"format-standard","5":"has-post-thumbnail","7":"category-senegal","8":"tag-ismaila-madior-fall","9":"tag-justice","10":"tag-politique","11":"tag-senegal","12":"tag-senegal-actualites","13":"tag-sophie-gladima"},"share_on_mastodon":{"url":"","error":""},"_links":{"self":[{"href":"https:\/\/www.europesays.com\/africa\/wp-json\/wp\/v2\/posts\/10288","targetHints":{"allow":["GET"]}}],"collection":[{"href":"https:\/\/www.europesays.com\/africa\/wp-json\/wp\/v2\/posts"}],"about":[{"href":"https:\/\/www.europesays.com\/africa\/wp-json\/wp\/v2\/types\/post"}],"author":[{"embeddable":true,"href":"https:\/\/www.europesays.com\/africa\/wp-json\/wp\/v2\/users\/2"}],"replies":[{"embeddable":true,"href":"https:\/\/www.europesays.com\/africa\/wp-json\/wp\/v2\/comments?post=10288"}],"version-history":[{"count":0,"href":"https:\/\/www.europesays.com\/africa\/wp-json\/wp\/v2\/posts\/10288\/revisions"}],"wp:featuredmedia":[{"embeddable":true,"href":"https:\/\/www.europesays.com\/africa\/wp-json\/wp\/v2\/media\/10289"}],"wp:attachment":[{"href":"https:\/\/www.europesays.com\/africa\/wp-json\/wp\/v2\/media?parent=10288"}],"wp:term":[{"taxonomy":"category","embeddable":true,"href":"https:\/\/www.europesays.com\/africa\/wp-json\/wp\/v2\/categories?post=10288"},{"taxonomy":"post_tag","embeddable":true,"href":"https:\/\/www.europesays.com\/africa\/wp-json\/wp\/v2\/tags?post=10288"}],"curies":[{"name":"wp","href":"https:\/\/api.w.org\/{rel}","templated":true}]}}