{"id":1029,"date":"2026-01-03T19:21:14","date_gmt":"2026-01-03T19:21:14","guid":{"rendered":"https:\/\/www.europesays.com\/africa\/1029\/"},"modified":"2026-01-03T19:21:14","modified_gmt":"2026-01-03T19:21:14","slug":"comment-un-retraite-de-la-marine-a-romorantin-mobilise-toute-la-sologne-pour-aider-un-village-de-pecheurs-au-senegal","status":"publish","type":"post","link":"https:\/\/www.europesays.com\/africa\/1029\/","title":{"rendered":"Comment un retrait\u00e9 de la marine \u00e0 Romorantin mobilise toute la Sologne pour aider un village de p\u00eacheurs au S\u00e9n\u00e9gal"},"content":{"rendered":"<p>La nouvelle association romorantinaise\u00a0Gardez la p\u00eache\u00a0a \u00e9t\u00e9 cr\u00e9\u00e9e fin 2023 par J\u00e9r\u00f4me Cruchet, d\u00e8s que ce\u00a0ma\u00eetre principal\u00a0est devenu retrait\u00e9 de la marine nationale. Celui qui a effectu\u00e9 des missions sur plus d\u2019une dizaine de navires peut donc poursuivre son \u0153uvre entam\u00e9e lors de l\u2019op\u00e9ration Corymbe (1), qui a eu lieu il y a plus de trente ans d\u00e9j\u00e0&#8230;. <\/p>\n<p>    Cet article a \u00e9t\u00e9 tronqu\u00e9. Abonnez-vous pour lire l&#8217;article complet sur notre site.<\/p>\n<p style=\"margin: 0 !important; padding: 0 !important; font-size: 12px !important;\">Cet article a \u00e9t\u00e9 tronqu\u00e9. Abonnez-vous pour lire l&#8217;article complet.<\/p>\n<p>    <a href=\"https:\/\/www.lanouvellerepublique.fr\/abonnements\" style=\"display: inline-block; margin-top: 5px !important; padding: 6px 12px !important; background: #cb1c27; color: white; text-decoration: none; border-radius: 4px; font-size: 12px !important;\" rel=\"nofollow noopener\" target=\"_blank\"><br \/>\n      S&#8217;abonner<br \/>\n    <\/a><\/p>\n","protected":false},"excerpt":{"rendered":"La nouvelle association romorantinaise\u00a0Gardez la p\u00eache\u00a0a \u00e9t\u00e9 cr\u00e9\u00e9e fin 2023 par J\u00e9r\u00f4me Cruchet, d\u00e8s que ce\u00a0ma\u00eetre principal\u00a0est devenu&hellip;\n","protected":false},"author":2,"featured_media":1030,"comment_status":"","ping_status":"","sticky":false,"template":"","format":"standard","meta":{"footnotes":""},"categories":[48],"tags":[1274,559,1273,159],"class_list":{"0":"post-1029","1":"post","2":"type-post","3":"status-publish","4":"format-standard","5":"has-post-thumbnail","7":"category-senegal","8":"tag-communes","9":"tag-loisirs","10":"tag-romorantin-lanthenay","11":"tag-senegal"},"share_on_mastodon":{"url":"","error":""},"_links":{"self":[{"href":"https:\/\/www.europesays.com\/africa\/wp-json\/wp\/v2\/posts\/1029","targetHints":{"allow":["GET"]}}],"collection":[{"href":"https:\/\/www.europesays.com\/africa\/wp-json\/wp\/v2\/posts"}],"about":[{"href":"https:\/\/www.europesays.com\/africa\/wp-json\/wp\/v2\/types\/post"}],"author":[{"embeddable":true,"href":"https:\/\/www.europesays.com\/africa\/wp-json\/wp\/v2\/users\/2"}],"replies":[{"embeddable":true,"href":"https:\/\/www.europesays.com\/africa\/wp-json\/wp\/v2\/comments?post=1029"}],"version-history":[{"count":0,"href":"https:\/\/www.europesays.com\/africa\/wp-json\/wp\/v2\/posts\/1029\/revisions"}],"wp:featuredmedia":[{"embeddable":true,"href":"https:\/\/www.europesays.com\/africa\/wp-json\/wp\/v2\/media\/1030"}],"wp:attachment":[{"href":"https:\/\/www.europesays.com\/africa\/wp-json\/wp\/v2\/media?parent=1029"}],"wp:term":[{"taxonomy":"category","embeddable":true,"href":"https:\/\/www.europesays.com\/africa\/wp-json\/wp\/v2\/categories?post=1029"},{"taxonomy":"post_tag","embeddable":true,"href":"https:\/\/www.europesays.com\/africa\/wp-json\/wp\/v2\/tags?post=1029"}],"curies":[{"name":"wp","href":"https:\/\/api.w.org\/{rel}","templated":true}]}}