{"id":10307,"date":"2026-01-08T00:51:11","date_gmt":"2026-01-08T00:51:11","guid":{"rendered":"https:\/\/www.europesays.com\/africa\/10307\/"},"modified":"2026-01-08T00:51:11","modified_gmt":"2026-01-08T00:51:11","slug":"maroc-des-fossiles-humains-decouverts-a-casablanca-apportent-un-eclairage-inedit-sur-une-periode-cle-de-levolution-humaine","status":"publish","type":"post","link":"https:\/\/www.europesays.com\/africa\/10307\/","title":{"rendered":"Maroc: des fossiles humains d\u00e9couverts \u00e0 Casablanca apportent un \u00e9clairage in\u00e9dit sur une p\u00e9riode cl\u00e9 de l&#8217;\u00e9volution humaine"},"content":{"rendered":"<p>Des fossiles humains, d\u00e9couverts par une \u00e9quipe internationale dans la Grotte \u00e0 Hominid\u00e9 de la carri\u00e8re Thomas I pr\u00e8s de Casablanca, apportent un \u00e9clairage in\u00e9dit sur une p\u00e9riode cl\u00e9 de l\u2019\u00e9volution humaine, il y a environ 773 000 ans<\/p>\n<p>\t\t\t\t\t<a class=\"post-thumbnail open-lightbox\" href=\"https:\/\/www.europesays.com\/africa\/wp-content\/uploads\/2026\/01\/fossiles_casa_maroc.jpg\"><img decoding=\"async\" src=\"https:\/\/www.europesays.com\/africa\/wp-content\/uploads\/2026\/01\/fossiles_casa_maroc.jpg\" alt=\"\"\/>\t\t\t\t\t\t<\/a><\/p>\n<p>\t\t\t\tPubli\u00e9e le 7 janvier 2026 dans la revue Nature, cette d\u00e9couverte majeure \u00e9claire une p\u00e9riode charni\u00e8re de l\u2019\u00e9volution humaine et confirme le r\u00f4le central de l\u2019Afrique du Nord dans les origines profondes de l\u2019esp\u00e8ce Homo sapiens.<\/p>\n<p>Ce programme s\u2019inscrit dans une coop\u00e9ration institutionnelle entre l\u2019Institut National des Sciences de l\u2019Arch\u00e9ologie et du Patrimoine (INSAP), relevant du D\u00e9partement de la Culture du minist\u00e8re de la Jeunesse, de la Culture et de la Communication, et le minist\u00e8re fran\u00e7ais de l\u2019Europe et des Affaires \u00e9trang\u00e8res, \u00e0 travers la mission arch\u00e9ologique fran\u00e7aise \u00ab Casablanca \u00bb.<\/p>\n<p>Co-dirig\u00e9e par Abderrahim Mohib (INSAP), Rosalia Gallotti (Universit\u00e9 Paul-Val\u00e9ry Montpellier 3 &amp; LabEx Archim\u00e8de) et Camille Daujeard (Mus\u00e9um national d\u2019Histoire naturelle \/ CNRS \u2013 HNHP), cette recherche, men\u00e9e par une \u00e9quipe internationale, pr\u00e9sente l\u2019analyse de nouveaux fossiles d\u2019hominines d\u00e9couverts dans une cavit\u00e9 de la carri\u00e8re Thomas I \u00e0 Casablanca.<\/p>\n<p>Le mat\u00e9riel \u00e9tudi\u00e9 qui comprend plusieurs mandibules humaines, dont celles de deux adultes et d\u2019un enfant, mais aussi des restes dentaires et post-cr\u00e2niens. combine des caract\u00e9ristiques archa\u00efques observ\u00e9es chez Homo erectus avec des traits d\u00e9riv\u00e9s plus modernes.<\/p>\n<p>L\u2019analyse magn\u00e9tostratigraphique, d\u2019une r\u00e9solution in\u00e9gal\u00e9e pour un site ayant livr\u00e9 des restes d\u2019hominines, a permis de dater ces fossiles avec une pr\u00e9cision extraordinaire. Les s\u00e9diments qui composent le remplissage de la cavit\u00e9 et contiennent les restes fossiles, ont livr\u00e9 un enregistrement \u00e0 haute r\u00e9solution de l\u2019inversion magn\u00e9tique Matuyama-Brunhes, dat\u00e9e de 773 000 ans, fournissant ainsi l\u2019un des \u00e2ges les plus pr\u00e9cis et robustes d\u2019un site ayant livr\u00e9 des restes humains.<\/p>\n<p><a itemprop=\"url\" class=\"turagvzm-link\" href=\"https:\/\/www.youtube.com\/watch?v=LB5b4t_CTSg\" target=\"_blank\" rel=\"nofollow noopener\"><img decoding=\"async\" class=\"turagvzm-image\" src=\"https:\/\/www.europesays.com\/africa\/wp-content\/uploads\/2026\/01\/AOM-AF-300x250-1.jpg\" alt=\"Airports-M-small\"\/><\/a> <\/p>\n<p>L\u2019ensemble documente des populations humaines encore mal connues pour cette p\u00e9riode charni\u00e8re, situ\u00e9e entre les formes anciennes du genre\u00a0Homo\u00a0et les lign\u00e9es plus r\u00e9centes.<\/p>\n<p>Ces d\u00e9couvertes comblent un vide important du registre fossile africain, \u00e0 un moment o\u00f9 les donn\u00e9es pal\u00e9og\u00e9n\u00e9tiques situent la divergence entre la lign\u00e9e africaine menant \u00e0\u00a0Homo sapiens\u00a0et les lign\u00e9es eurasiatiques \u00e0 l\u2019origine des N\u00e9andertaliens et des Denisoviens.<\/p>\n<p>Les fossiles pr\u00e9sentent une combinaison originale de caract\u00e8res primitifs et plus \u00e9volu\u00e9s, t\u00e9moignant de populations humaines proches de cette phase de divergence et confirment ainsi l\u2019anciennet\u00e9 et la profondeur des racines africaines de notre esp\u00e8ce, tout en soulignant le r\u00f4le cl\u00e9 de l\u2019Afrique du Nord dans les grandes \u00e9tapes de l\u2019\u00e9volution humaine.<\/p>\n<p>Gr\u00e2ce \u00e0 une datation pr\u00e9cise fond\u00e9e sur l\u2019enregistrement du champ magn\u00e9tique terrestre, ces restes peuvent \u00eatre replac\u00e9s avec une grande fiabilit\u00e9 chronologique dans l\u2019histoire ancienne des populations humaines d\u2019Afrique. Ils \u00e9clairent l\u2019\u00e9mergence de la lign\u00e9e Homo sapiens et renforcent l\u2019id\u00e9e que ses racines profondes sont africaines.<\/p>\n<p>L\u2019\u00e9tude a \u00e9t\u00e9 men\u00e9e et appuy\u00e9e par une \u00e9quipe de chercheurs\u00a0 de l\u2019Institut National des Sciences de l\u2019Arch\u00e9ologie et du Patrimoine (Maroc); de la Direction du Patrimoine Culturel (Maroc), du Coll\u00e8ge de France, de Max Planck Institute for Evolutionary Anthropology (Allemagne), de l\u2019Universit\u00e9 de Montpellier Paul Val\u00e9ry (France), de l\u2019Universit\u00e0 degli Studi di Milano (Italie) et de l\u2019Universit\u00e9 de Bordeaux et du Mus\u00e9um national d\u2019histoire naturelle (France).<\/p>\n<p>\u00a0<\/p>\n<p> <a itemprop=\"url\" class=\"turagvzm-link\" href=\"https:\/\/www.visitmorocco.com\/fr\/maroc-terre-de-football\/fr?utm_source=supportspremiumma&amp;utm_campaign=007~afcon25~ma~11~25~supportspremiumma~display~reservation~awareness~cam50m~fr&amp;utm_content=007~006~007~premium~image~1x1~autres\/?source=onmt-can-atlas\" target=\"_blank\" rel=\"nofollow noopener\"><img decoding=\"async\" class=\"turagvzm-image\" src=\"https:\/\/www.europesays.com\/africa\/wp-content\/uploads\/2026\/01\/Atlas-300x250-1.jpg\" alt=\"can2025-atlas\"\/><\/a>\t\t\t<\/p>\n","protected":false},"excerpt":{"rendered":"Des fossiles humains, d\u00e9couverts par une \u00e9quipe internationale dans la Grotte \u00e0 Hominid\u00e9 de la carri\u00e8re Thomas I&hellip;\n","protected":false},"author":2,"featured_media":10308,"comment_status":"","ping_status":"","sticky":false,"template":"","format":"standard","meta":{"footnotes":""},"categories":[41],"tags":[1518,480,64,7222,622,7230,1742,7226,2845,7221,3661,7223,623,7219,7231,7232,7228,7220,7224,7227,158,7218,7225,7229,3663,749,2121],"class_list":{"0":"post-10307","1":"post","2":"type-post","3":"status-publish","4":"format-standard","5":"has-post-thumbnail","7":"category-maroc","8":"tag-a","9":"tag-a-la-une","10":"tag-afrique","11":"tag-apportent","12":"tag-atlasinfo","13":"tag-carriere-thomas-i","14":"tag-casablanca","15":"tag-cle","16":"tag-de","17":"tag-decouverts","18":"tag-des","19":"tag-eclairage","20":"tag-en-direct","21":"tag-fossiles","22":"tag-fossiles-humains","23":"tag-grotte-a-hominides","24":"tag-humaine","25":"tag-humains","26":"tag-inedit","27":"tag-levolution","28":"tag-maroc","29":"tag-maroc-des-fossiles-humains-decouverts-a-casablanca-apportent-un-eclairage-inedit-sur-une-periode-cle-de-levolution-humaine","30":"tag-periode","31":"tag-science-sante","32":"tag-sur","33":"tag-un","34":"tag-une"},"share_on_mastodon":{"url":"","error":""},"_links":{"self":[{"href":"https:\/\/www.europesays.com\/africa\/wp-json\/wp\/v2\/posts\/10307","targetHints":{"allow":["GET"]}}],"collection":[{"href":"https:\/\/www.europesays.com\/africa\/wp-json\/wp\/v2\/posts"}],"about":[{"href":"https:\/\/www.europesays.com\/africa\/wp-json\/wp\/v2\/types\/post"}],"author":[{"embeddable":true,"href":"https:\/\/www.europesays.com\/africa\/wp-json\/wp\/v2\/users\/2"}],"replies":[{"embeddable":true,"href":"https:\/\/www.europesays.com\/africa\/wp-json\/wp\/v2\/comments?post=10307"}],"version-history":[{"count":0,"href":"https:\/\/www.europesays.com\/africa\/wp-json\/wp\/v2\/posts\/10307\/revisions"}],"wp:featuredmedia":[{"embeddable":true,"href":"https:\/\/www.europesays.com\/africa\/wp-json\/wp\/v2\/media\/10308"}],"wp:attachment":[{"href":"https:\/\/www.europesays.com\/africa\/wp-json\/wp\/v2\/media?parent=10307"}],"wp:term":[{"taxonomy":"category","embeddable":true,"href":"https:\/\/www.europesays.com\/africa\/wp-json\/wp\/v2\/categories?post=10307"},{"taxonomy":"post_tag","embeddable":true,"href":"https:\/\/www.europesays.com\/africa\/wp-json\/wp\/v2\/tags?post=10307"}],"curies":[{"name":"wp","href":"https:\/\/api.w.org\/{rel}","templated":true}]}}