{"id":10441,"date":"2026-01-08T02:50:10","date_gmt":"2026-01-08T02:50:10","guid":{"rendered":"https:\/\/www.europesays.com\/africa\/10441\/"},"modified":"2026-01-08T02:50:10","modified_gmt":"2026-01-08T02:50:10","slug":"duke-buchan-prete-serment-comme-nouvel-ambassadeur-des-etats-unis-au-maroc","status":"publish","type":"post","link":"https:\/\/www.europesays.com\/africa\/10441\/","title":{"rendered":"Duke Buchan pr\u00eate serment comme nouvel ambassadeur des \u00c9tats-Unis au Maroc"},"content":{"rendered":"<p> Duke Buchan a officiellement pr\u00eat\u00e9 serment en tant que nouvel ambassadeur des \u00c9tats-Unis au Maroc, lors d\u2019une c\u00e9r\u00e9monie devant le vice-Pr\u00e9sident am\u00e9ricain, J.D. Vance. Cette \u00e9tape marque le d\u00e9but de sa mission diplomatique visant \u00e0 renforcer les relations \u00ab\u202fexcellentes\u202f\u00bb entre Rabat et Washington, qui durent depuis 250 ans.<\/p>\n<p>\u00ab\u202fL\u2019ambassadeur Buchan est fier d\u2019avoir pr\u00eat\u00e9 serment devant son bon ami, le vice-Pr\u00e9sident des \u00c9tats-Unis, J.D. Vance. Il se r\u00e9jouit \u00e0 l\u2019id\u00e9e de faire progresser nos excellentes relations avec le Maroc, qui datent de 250 ans\u202f\u00bb,<\/p>\n<p>a indiqu\u00e9 l\u2019ambassade am\u00e9ricaine \u00e0 Rabat dans un message publi\u00e9 sur le r\u00e9seau X.<\/p>\n<p>La nomination de M. Buchan avait \u00e9t\u00e9 confirm\u00e9e par le S\u00e9nat am\u00e9ricain en octobre dernier, apr\u00e8s avoir \u00e9t\u00e9 annonc\u00e9e en mars par l\u2019ancien Pr\u00e9sident Donald Trump. \u00c0 l\u2019\u00e9poque, M. Trump avait soulign\u00e9 que l\u2019ambassadeur \u00ab\u202fjouera un r\u00f4le cl\u00e9 alors que nous renfor\u00e7ons la paix, la libert\u00e9 et la prosp\u00e9rit\u00e9 pour nos deux pays\u202f\u00bb.<\/p>\n<p>Avec cette nouvelle d\u00e9signation, Duke Buchan sera charg\u00e9 de consolider la coop\u00e9ration bilat\u00e9rale entre les deux nations, notamment dans les domaines \u00e9conomique, culturel et s\u00e9curitaire, tout en poursuivant un partenariat historique qui constitue l\u2019un des plus anciens de Washington en Afrique.<\/p>\n","protected":false},"excerpt":{"rendered":"Duke Buchan a officiellement pr\u00eat\u00e9 serment en tant que nouvel ambassadeur des \u00c9tats-Unis au Maroc, lors d\u2019une c\u00e9r\u00e9monie&hellip;\n","protected":false},"author":2,"featured_media":10442,"comment_status":"","ping_status":"","sticky":false,"template":"","format":"standard","meta":{"footnotes":""},"categories":[41],"tags":[7263,1184,158,7264,2280],"class_list":{"0":"post-10441","1":"post","2":"type-post","3":"status-publish","4":"format-standard","5":"has-post-thumbnail","7":"category-maroc","8":"tag-ambassadeur","9":"tag-diplomatie","10":"tag-maroc","11":"tag-relations-internationales","12":"tag-usa"},"share_on_mastodon":{"url":"","error":""},"_links":{"self":[{"href":"https:\/\/www.europesays.com\/africa\/wp-json\/wp\/v2\/posts\/10441","targetHints":{"allow":["GET"]}}],"collection":[{"href":"https:\/\/www.europesays.com\/africa\/wp-json\/wp\/v2\/posts"}],"about":[{"href":"https:\/\/www.europesays.com\/africa\/wp-json\/wp\/v2\/types\/post"}],"author":[{"embeddable":true,"href":"https:\/\/www.europesays.com\/africa\/wp-json\/wp\/v2\/users\/2"}],"replies":[{"embeddable":true,"href":"https:\/\/www.europesays.com\/africa\/wp-json\/wp\/v2\/comments?post=10441"}],"version-history":[{"count":0,"href":"https:\/\/www.europesays.com\/africa\/wp-json\/wp\/v2\/posts\/10441\/revisions"}],"wp:featuredmedia":[{"embeddable":true,"href":"https:\/\/www.europesays.com\/africa\/wp-json\/wp\/v2\/media\/10442"}],"wp:attachment":[{"href":"https:\/\/www.europesays.com\/africa\/wp-json\/wp\/v2\/media?parent=10441"}],"wp:term":[{"taxonomy":"category","embeddable":true,"href":"https:\/\/www.europesays.com\/africa\/wp-json\/wp\/v2\/categories?post=10441"},{"taxonomy":"post_tag","embeddable":true,"href":"https:\/\/www.europesays.com\/africa\/wp-json\/wp\/v2\/tags?post=10441"}],"curies":[{"name":"wp","href":"https:\/\/api.w.org\/{rel}","templated":true}]}}