{"id":10535,"date":"2026-01-08T04:18:11","date_gmt":"2026-01-08T04:18:11","guid":{"rendered":"https:\/\/www.europesays.com\/africa\/10535\/"},"modified":"2026-01-08T04:18:11","modified_gmt":"2026-01-08T04:18:11","slug":"senegal-polemique-autour-de-lachat-de-vehicules-pour-les-deputes","status":"publish","type":"post","link":"https:\/\/www.europesays.com\/africa\/10535\/","title":{"rendered":"S\u00e9n\u00e9gal : Pol\u00e9mique autour de l&#8217;achat de v\u00e9hicules pour les d\u00e9put\u00e9s"},"content":{"rendered":"<p>\u00a9 Koaci.com &#8211; mercredi 07 janvier 2026 &#8211; 15:54<\/p>\n<p>V\u00e9hicule<\/p>\n<p>L\u2019acquisition d\u2019une centaine de <a href=\"https:\/\/www.koaci.com\/recherche?search=v%C3%A9hicules\" rel=\"nofollow noopener\" target=\"_blank\">v\u00e9hicules<\/a> de fonction destin\u00e9s aux d\u00e9put\u00e9s de l\u2019Assembl\u00e9e nationale suscite une vive pol\u00e9mique.\u00a0<\/p>\n<p>La distribution du premier lot de ces voitures, pr\u00e9vues pour \u00e9quiper les 165 parlementaires, a d\u00e9but\u00e9 cette semaine.\u00a0<\/p>\n<p>Pr\u00e9sent\u00e9e par les autorit\u00e9s comme un moyen de faciliter les d\u00e9placements des \u00e9lus dans leurs circonscriptions, l\u2019op\u00e9ration est fortement critiqu\u00e9e par une partie de l\u2019opposition et de la soci\u00e9t\u00e9 civile.<\/p>\n<p><\/p>\n<p>Les d\u00e9tracteurs d\u00e9noncent le co\u00fbt jug\u00e9 \u00e9lev\u00e9 de cet achat, estimant qu\u2019il intervient dans un contexte \u00e9conomique difficile marqu\u00e9 par une dette publique \u00e9valu\u00e9e \u00e0 plus de 7 milliards de dollars.<\/p>\n<p>Pour eux, cette d\u00e9pense appara\u00eet en d\u00e9calage avec les priorit\u00e9s sociales et les efforts demand\u00e9s aux populations.\u00a0<\/p>\n<p>Le d\u00e9put\u00e9 Thierno Alassane Sall\u00a0a d\u00e9nonc\u00e9 un manque de transparence et des irr\u00e9gularit\u00e9s proc\u00e9durales.<\/p>\n<p>Dans une d\u00e9claration publique en marge de sa tourn\u00e9e dans les r\u00e9gions, le parlementaire a qualifi\u00e9 cette op\u00e9ration de \u00ab camouflage \u00bb orchestr\u00e9 par le pr\u00e9sident de l\u2019Assembl\u00e9e nationale, qui aurait cherch\u00e9 \u00e0 dissimuler l\u2019information aux S\u00e9n\u00e9galais en proc\u00e9dant \u00e0 la distribution des <a href=\"https:\/\/www.koaci.com\/recherche?search=v%C3%A9hicules\" rel=\"nofollow noopener\" target=\"_blank\">v\u00e9hicules<\/a> sans d\u00e9bat public pr\u00e9alable.<\/p>\n<p>De leur c\u00f4t\u00e9, les responsables parlementaires d\u00e9fendent une d\u00e9cision n\u00e9cessaire au bon fonctionnement de l\u2019institution.<\/p>\n<p><\/p>\n","protected":false},"excerpt":{"rendered":"\u00a9 Koaci.com &#8211; mercredi 07 janvier 2026 &#8211; 15:54 V\u00e9hicule L\u2019acquisition d\u2019une centaine de v\u00e9hicules de fonction destin\u00e9s&hellip;\n","protected":false},"author":2,"featured_media":10536,"comment_status":"","ping_status":"","sticky":false,"template":"","format":"standard","meta":{"footnotes":""},"categories":[48],"tags":[1213,645,4299,2273,7314,7315,7317,7316,248,159],"class_list":{"0":"post-10535","1":"post","2":"type-post","3":"status-publish","4":"format-standard","5":"has-post-thumbnail","7":"category-senegal","8":"tag-actualite","9":"tag-article","10":"tag-autour","11":"tag-info","12":"tag-koaci","13":"tag-koaci-senegal","14":"tag-l","15":"tag-polemique","16":"tag-politique","17":"tag-senegal"},"share_on_mastodon":{"url":"","error":""},"_links":{"self":[{"href":"https:\/\/www.europesays.com\/africa\/wp-json\/wp\/v2\/posts\/10535","targetHints":{"allow":["GET"]}}],"collection":[{"href":"https:\/\/www.europesays.com\/africa\/wp-json\/wp\/v2\/posts"}],"about":[{"href":"https:\/\/www.europesays.com\/africa\/wp-json\/wp\/v2\/types\/post"}],"author":[{"embeddable":true,"href":"https:\/\/www.europesays.com\/africa\/wp-json\/wp\/v2\/users\/2"}],"replies":[{"embeddable":true,"href":"https:\/\/www.europesays.com\/africa\/wp-json\/wp\/v2\/comments?post=10535"}],"version-history":[{"count":0,"href":"https:\/\/www.europesays.com\/africa\/wp-json\/wp\/v2\/posts\/10535\/revisions"}],"wp:featuredmedia":[{"embeddable":true,"href":"https:\/\/www.europesays.com\/africa\/wp-json\/wp\/v2\/media\/10536"}],"wp:attachment":[{"href":"https:\/\/www.europesays.com\/africa\/wp-json\/wp\/v2\/media?parent=10535"}],"wp:term":[{"taxonomy":"category","embeddable":true,"href":"https:\/\/www.europesays.com\/africa\/wp-json\/wp\/v2\/categories?post=10535"},{"taxonomy":"post_tag","embeddable":true,"href":"https:\/\/www.europesays.com\/africa\/wp-json\/wp\/v2\/tags?post=10535"}],"curies":[{"name":"wp","href":"https:\/\/api.w.org\/{rel}","templated":true}]}}