{"id":10568,"date":"2026-01-08T04:48:09","date_gmt":"2026-01-08T04:48:09","guid":{"rendered":"https:\/\/www.europesays.com\/africa\/10568\/"},"modified":"2026-01-08T04:48:09","modified_gmt":"2026-01-08T04:48:09","slug":"rappel-a-dieu-de-seydou-madani-sy-ancien-recteur-et-ancien-ministre","status":"publish","type":"post","link":"https:\/\/www.europesays.com\/africa\/10568\/","title":{"rendered":"Rappel \u00e0 Dieu de Seydou Madani Sy, ancien recteur et ancien ministre"},"content":{"rendered":"<p style=\"text-align: justify;\">L\u2019ancien recteur, ancien ministre et ancien M\u00e9diateur de la R\u00e9publique Seydou Madani Sy est d\u00e9c\u00e9d\u00e9 ce mercredi. Homme de culture et serviteur de l\u2019\u00c9tat, Seydou Madani Sy a marqu\u00e9 de son empreinte plusieurs domaines de la vie publique nationale, du monde acad\u00e9mique aux plus hautes fonctions r\u00e9publicaines. <\/p>\n<p style=\"text-align: justify;\">\u00a0 <\/p>\n<p style=\"text-align: justify;\">L\u2019ancien membre de la Commission nationale de r\u00e9forme des institutions (CNRI) a, au cours de sa carri\u00e8re, incarn\u00e9 l\u2019engagement au service de la nation, contribuant \u00e0 l\u2019\u00e9dification institutionnelle du pays et \u00e0 la formation de g\u00e9n\u00e9rations d\u2019\u00e9tudiants en sa qualit\u00e9 de recteur. <\/p>\n<p style=\"text-align: justify;\">\u00a0 <\/p>\n<p style=\"text-align: justify;\">Dakaractu pr\u00e9sente ses condol\u00e9ances\u00a0 <\/p>\n","protected":false},"excerpt":{"rendered":"L\u2019ancien recteur, ancien ministre et ancien M\u00e9diateur de la R\u00e9publique Seydou Madani Sy est d\u00e9c\u00e9d\u00e9 ce mercredi. Homme&hellip;\n","protected":false},"author":2,"featured_media":10569,"comment_status":"","ping_status":"","sticky":false,"template":"","format":"standard","meta":{"footnotes":""},"categories":[48],"tags":[64,274,279,273,277,278,271,281,283,272,280,276,275,159,282],"class_list":{"0":"post-10568","1":"post","2":"type-post","3":"status-publish","4":"format-standard","5":"has-post-thumbnail","7":"category-senegal","8":"tag-afrique","9":"tag-aliou-cisse","10":"tag-amadou-ba","11":"tag-apr","12":"tag-bassirou-diomaye-faye","13":"tag-bathelemy-dias","14":"tag-dakar","15":"tag-el-malick-ndiaye","16":"tag-guy-marius-sagna","17":"tag-macky-sall","18":"tag-madiambal-diagne","19":"tag-ousmane-sonko","20":"tag-pastef","21":"tag-senegal","22":"tag-ziguinchor"},"share_on_mastodon":{"url":"","error":""},"_links":{"self":[{"href":"https:\/\/www.europesays.com\/africa\/wp-json\/wp\/v2\/posts\/10568","targetHints":{"allow":["GET"]}}],"collection":[{"href":"https:\/\/www.europesays.com\/africa\/wp-json\/wp\/v2\/posts"}],"about":[{"href":"https:\/\/www.europesays.com\/africa\/wp-json\/wp\/v2\/types\/post"}],"author":[{"embeddable":true,"href":"https:\/\/www.europesays.com\/africa\/wp-json\/wp\/v2\/users\/2"}],"replies":[{"embeddable":true,"href":"https:\/\/www.europesays.com\/africa\/wp-json\/wp\/v2\/comments?post=10568"}],"version-history":[{"count":0,"href":"https:\/\/www.europesays.com\/africa\/wp-json\/wp\/v2\/posts\/10568\/revisions"}],"wp:featuredmedia":[{"embeddable":true,"href":"https:\/\/www.europesays.com\/africa\/wp-json\/wp\/v2\/media\/10569"}],"wp:attachment":[{"href":"https:\/\/www.europesays.com\/africa\/wp-json\/wp\/v2\/media?parent=10568"}],"wp:term":[{"taxonomy":"category","embeddable":true,"href":"https:\/\/www.europesays.com\/africa\/wp-json\/wp\/v2\/categories?post=10568"},{"taxonomy":"post_tag","embeddable":true,"href":"https:\/\/www.europesays.com\/africa\/wp-json\/wp\/v2\/tags?post=10568"}],"curies":[{"name":"wp","href":"https:\/\/api.w.org\/{rel}","templated":true}]}}