{"id":1059,"date":"2026-01-03T19:41:09","date_gmt":"2026-01-03T19:41:09","guid":{"rendered":"https:\/\/www.europesays.com\/africa\/1059\/"},"modified":"2026-01-03T19:41:09","modified_gmt":"2026-01-03T19:41:09","slug":"le-maroc-reitere-son-soutien-inebranlable-a-lunite-nationale-de-la-republique-soeur-du-yemen-et-a-sa-souverainete-sur-lensemble-de-son-territoire","status":"publish","type":"post","link":"https:\/\/www.europesays.com\/africa\/1059\/","title":{"rendered":"Le Maroc r\u00e9it\u00e8re son soutien in\u00e9branlable \u00e0 l\u2019unit\u00e9 nationale de la R\u00e9publique s\u0153ur du Y\u00e9men et \u00e0 sa souverainet\u00e9 sur l\u2019ensemble de son territoire"},"content":{"rendered":"<p><img fetchpriority=\"high\" width=\"1280\" height=\"720\" src=\"https:\/\/www.europesays.com\/africa\/wp-content\/uploads\/2026\/01\/Le-Maroc-reitere-son-soutien-ine.jpg\" class=\"attachment-full size-full wp-post-image\" alt=\"Le Maroc r\u00e9it\u00e8re son soutien in\u00e9\" data-main-img=\"1\" decoding=\"async\"  \/><\/p>\n<p>\t\t\tLe Royaume du Maroc affirme suivre de pr\u00e8s et avec grand int\u00e9r\u00eat les derniers d\u00e9veloppements dans la R\u00e9publique s\u0153ur du Y\u00e9men, r\u00e9it\u00e9rant, de par sa conviction des fondements du droit international et des principes de bon voisinage et de respect de l\u2019int\u00e9grit\u00e9 et de la souverainet\u00e9 des \u00c9tats, son soutien in\u00e9branlable \u00e0 l\u2019unit\u00e9 nationale de la R\u00e9publique s\u0153ur du Y\u00e9men et \u00e0 sa souverainet\u00e9 sur l\u2019ensemble de son territoire, ainsi qu\u2019au droit du peuple y\u00e9m\u00e9nite \u00e0 la s\u00e9curit\u00e9 et \u00e0 la stabilit\u00e9.<\/p>\n<p style=\"text-align: justify;\">Partant de son engagement ferme \u00e0 consolider la stabilit\u00e9 dans la r\u00e9gion arabe, le Maroc r\u00e9affirme son rejet de tout ce qui est de nature \u00e0 porter atteinte \u00e0 la souverainet\u00e9 et \u00e0 l\u2019int\u00e9grit\u00e9 du territoire du Y\u00e9men, ainsi que son soutien \u00e0 toutes les initiatives visant \u00e0 apaiser la situation, au service de la s\u00e9curit\u00e9 et pour garantir la stabilit\u00e9 de tous les pays de la r\u00e9gion, indique un communiqu\u00e9 du minist\u00e8re des Affaires \u00e9trang\u00e8res, de la Coop\u00e9ration africaine et des Marocains r\u00e9sidant \u00e0 l\u2019\u00e9tranger.<\/p>\n<p style=\"text-align: justify;\">Lire aussi : <\/p>\n<p>A cet \u00e9gard, le Royaume exhorte toutes les parties concern\u00e9es \u00e0 demeurer attach\u00e9es au dialogue afin de parvenir \u00e0 une solution politique globale, sous l\u2019\u00e9gide de la l\u00e9galit\u00e9 internationale, de mani\u00e8re \u00e0 pr\u00e9server l\u2019unit\u00e9 et la souverainet\u00e9 de la R\u00e9publique du Y\u00e9men et \u00e0 satisfaire les aspirations de son peuple fr\u00e8re \u00e0 une vie digne et \u00e0 une stabilit\u00e9 durable, souligne la m\u00eame source.<\/p>\n<p style=\"text-align: justify;\">Avec MAP<\/p>\n","protected":false},"excerpt":{"rendered":"Le Royaume du Maroc affirme suivre de pr\u00e8s et avec grand int\u00e9r\u00eat les derniers d\u00e9veloppements dans la R\u00e9publique&hellip;\n","protected":false},"author":2,"featured_media":1060,"comment_status":"","ping_status":"","sticky":false,"template":"","format":"standard","meta":{"footnotes":""},"categories":[41],"tags":[158,1284,1285,1286,1287],"class_list":{"0":"post-1059","1":"post","2":"type-post","3":"status-publish","4":"format-standard","5":"has-post-thumbnail","7":"category-maroc","8":"tag-maroc","9":"tag-soutien","10":"tag-souverainete","11":"tag-unite","12":"tag-yemen"},"share_on_mastodon":{"url":"","error":""},"_links":{"self":[{"href":"https:\/\/www.europesays.com\/africa\/wp-json\/wp\/v2\/posts\/1059","targetHints":{"allow":["GET"]}}],"collection":[{"href":"https:\/\/www.europesays.com\/africa\/wp-json\/wp\/v2\/posts"}],"about":[{"href":"https:\/\/www.europesays.com\/africa\/wp-json\/wp\/v2\/types\/post"}],"author":[{"embeddable":true,"href":"https:\/\/www.europesays.com\/africa\/wp-json\/wp\/v2\/users\/2"}],"replies":[{"embeddable":true,"href":"https:\/\/www.europesays.com\/africa\/wp-json\/wp\/v2\/comments?post=1059"}],"version-history":[{"count":0,"href":"https:\/\/www.europesays.com\/africa\/wp-json\/wp\/v2\/posts\/1059\/revisions"}],"wp:featuredmedia":[{"embeddable":true,"href":"https:\/\/www.europesays.com\/africa\/wp-json\/wp\/v2\/media\/1060"}],"wp:attachment":[{"href":"https:\/\/www.europesays.com\/africa\/wp-json\/wp\/v2\/media?parent=1059"}],"wp:term":[{"taxonomy":"category","embeddable":true,"href":"https:\/\/www.europesays.com\/africa\/wp-json\/wp\/v2\/categories?post=1059"},{"taxonomy":"post_tag","embeddable":true,"href":"https:\/\/www.europesays.com\/africa\/wp-json\/wp\/v2\/tags?post=1059"}],"curies":[{"name":"wp","href":"https:\/\/api.w.org\/{rel}","templated":true}]}}