{"id":1079,"date":"2026-01-03T19:51:31","date_gmt":"2026-01-03T19:51:31","guid":{"rendered":"https:\/\/www.europesays.com\/africa\/1079\/"},"modified":"2026-01-03T19:51:31","modified_gmt":"2026-01-03T19:51:31","slug":"can-2025-le-tableau-complet-des-matchs-des-8es-de-finale-avec-les-dates-et-les-horaires","status":"publish","type":"post","link":"https:\/\/www.europesays.com\/africa\/1079\/","title":{"rendered":"CAN 2025\u00a0: le tableau complet des matchs des 8es de finale avec les dates et les horaires"},"content":{"rendered":"<p class=\"paragraph text_align_left lp-f-body-02\">Cette fois \u00e7a y est, tout le monde est fix\u00e9. La phase de poules de <a href=\"https:\/\/www.leparisien.fr\/sports\/football\/coupe-d-afrique-des-nations\/\" target=\"_self\" rel=\"nofollow noopener\">la Coupe d\u2019Afrique des nations 2025<\/a> vient officiellement de fermer ses portes avec les succ\u00e8s respectifs de <a href=\"https:\/\/www.leparisien.fr\/sports\/football\/coupe-d-afrique-des-nations\/on-pouvait-eviter-le-but-des-regrets-pour-la-cote-divoire-apres-le-nul-face-au-cameroun-a-la-can-2025-28-12-2025-LR3ECTBBARHLVNXYH2BYGYQ5T4.php\" target=\"_self\" rel=\"nofollow noopener\">la C\u00f4te d\u2019Ivoire<\/a> et <a href=\"https:\/\/www.leparisien.fr\/sports\/football\/coupe-d-afrique-des-nations\/cameroun-gabon-apres-le-grand-cirque-les-lions-indomptables-ont-ils-fini-de-nous-faire-rire-24-12-2025-K2JLCWJ4CZC3LEHOXXQUAWFZLM.php\" target=\"_self\" rel=\"nofollow noopener\">du Cameroun<\/a> face au Gabon et au Mozambique, figeant ainsi les positions du groupe F, le dernier encore ouvert.<\/p>\n<p class=\"\">Si l\u2019on connaissait d\u00e9j\u00e0 <a href=\"https:\/\/www.leparisien.fr\/sports\/football\/coupe-d-afrique-des-nations\/can-2025-la-liste-complete-des-16-equipes-qualifiees-pour-les-huitiemes-de-finale-30-12-2025-BUNLWWQZ4VEXXIFY2GZFKDWD4Q.php\" target=\"_self\" rel=\"nofollow noopener\">l\u2019identit\u00e9 des 16 nations qualifi\u00e9es pour les 8es de finale<\/a> de la comp\u00e9tition continentale mardi soir, il restait encore un enjeu de taille ce mercredi : d\u00e9terminer les derni\u00e8res \u00e9quipes class\u00e9es premi\u00e8res, deuxi\u00e8mes et troisi\u00e8mes des groupes E et F. C\u2019est d\u00e9sormais chose faite, offrant une visibilit\u00e9 totale sur le tableau final.<\/p>\n<p>Les retrouvailles du Mali et de la Tunisie<\/p>\n<p class=\"\">Tous les favoris ayant r\u00e9pondu pr\u00e9sent au premier tour, de nombreux chocs en haute altitude vont donc animer le d\u00e9but de la phase finale. Dans le haut du tableau, <a href=\"https:\/\/www.leparisien.fr\/sports\/football\/mali\/\" target=\"_self\" rel=\"nofollow noopener\">le Mali<\/a> et <a href=\"https:\/\/www.leparisien.fr\/sports\/football\/coupe-d-afrique-des-nations\/can-2025-buteur-maitre-a-jouer-gharbi-et-mejbri-les-titis-parisiens-qui-guident-la-tunisie-30-12-2025-PIKTCVVXYREI5IGID5P4HG7ECY.php\" target=\"_self\" rel=\"nofollow noopener\">la Tunisie<\/a> vont s\u2019affronter pour la 14e fois de leur histoire en match officiel, la sixi\u00e8me depuis 2019. L\u2019enjeu ? Retrouver potentiellement l\u2019ogre s\u00e9n\u00e9galais en quarts de finale. Oppos\u00e9s au Soudan, <a href=\"https:\/\/www.leparisien.fr\/sports\/football\/coupe-d-afrique-des-nations\/benin-senegal-0-3-les-lions-de-la-teranga-en-imposent-et-evitent-lalgerie-en-8es-de-la-can-30-12-2025-FKJWXH7PM5HBHKKXLZOYTHSOPM.php\" target=\"_self\" rel=\"nofollow noopener\">les Lions de la Teranga<\/a> ouvriront le bal le 3 janvier 2026, \u00e0 17 heures.<\/p>\n<p class=\"\">De son c\u00f4t\u00e9, <a href=\"https:\/\/www.leparisien.fr\/sports\/football\/coupe-d-afrique-des-nations\/egypte-afrique-du-sud-1-0-sauves-par-la-var-et-grace-a-un-but-de-salah-les-egyptiens-qualifies-pour-les-huitiemes-de-la-can-26-12-2025-I4UYQHF3U5CYTFONUJEXNXJO5A.php\" target=\"_self\" rel=\"nofollow noopener\">l\u2019\u00c9gypte de Mohamed Salah<\/a> partira favorite face au B\u00e9nin et tentera de rallier les quarts, o\u00f9 un choc face \u00e0 la C\u00f4te d\u2019Ivoire, qui affrontera le Burkina Faso, pourrait l\u2019attendre.<\/p>\n<p><img decoding=\"async\" class=\"image \" loading=\"lazy\" src=\"https:\/\/www.europesays.com\/africa\/wp-content\/uploads\/2026\/01\/MK3GT6BPOFAXNMUJA5X7HBRQ2M.jpg\" alt=\"\" align=\"\" data-rubrique-principale=\"\" data-article-type=\"\" fetchpriority=\"auto\"\/>Alg\u00e9rie &#8211; RD Congo en match star<\/p>\n<p class=\"\">Dans le bas du tableau, les choses s\u00e9rieuses vont rapidement commencer, avec une rencontre tr\u00e8s ind\u00e9cise pr\u00e9vue entre l\u2019Afrique du Sud et le Cameroun le dimanche 4 janvier 2026 \u00e0 20 heures. Quelques instants plus t\u00f4t, \u00e0 17 heures, <a href=\"https:\/\/www.leparisien.fr\/sports\/football\/coupe-d-afrique-des-nations\/can-2025-cest-le-pays-dafrique-le-plus-europeen-un-dirigeant-francais-en-poste-a-rabat-juge-le-foot-marocain-29-12-2025-3MV6IRC6PBDRBB4IOJYV75ZZVQ.php\" target=\"_self\" rel=\"nofollow noopener\">le Maroc, pays h\u00f4te et grand favori de la CAN<\/a>, retrouvera les pelouses avec un 8e de finale tr\u00e8s abordable face \u00e0 <a href=\"https:\/\/www.leparisien.fr\/sports\/football\/coupe-d-afrique-des-nations\/tanzanie-tunisie-1-1-exploit-historique-pour-les-tanzaniens-qui-affronteront-le-maroc-en-8es-de-finale-de-la-can-2025-30-12-2025-Y6NE6GKFNRDE5M2Z5FINM6B2F4.php\" target=\"_self\" rel=\"nofollow noopener\">la Tanzanie, qualifi\u00e9e en tant que meilleur troisi\u00e8me<\/a> sans la moindre victoire au compteur lors de la phase de poules.<\/p>\n<p>Les dates et les horaires des matchs de la phase finale <\/p>\n<p class=\"\">Quarts de finale : <\/p>\n<p>Mali ou Tunisie &#8211; S\u00e9n\u00e9gal ou Soudan : le vendredi 9 janvier \u00e0 17h Afrique du Sud ou Cameroun &#8211; Maroc ou Tanzanie : le vendredi 9 janvier \u00e0 20h Nigeria ou Mozambique &#8211; Alg\u00e9rie ou RD Congo : le samedi 10 janvier \u00e0 17h C\u00f4te d\u2019Ivoire ou Burkina Faso &#8211; Egypte ou B\u00e9nin : le samedi 10 janvier \u00e0 20h <\/p>\n<p class=\"\">Demi-finales : <\/p>\n<p>Le mercredi 14 janvier \u00e0 18h Le mercredi 14 janvier \u00e0 21h <\/p>\n<p class=\"\">Match pour la troisi\u00e8me place : <\/p>\n<p>Le samedi 17 janvier \u00e0 17h<\/p>\n<p class=\"\">Finale : <\/p>\n<p>Le dimanche 18 janvier \u00e0 20h <\/p>\n<p class=\"\">Le 5 janvier 2026 \u00e0 20 heures, le Nigeria tentera de poursuivre son parcours parfait en d\u00e9fiant le Mozambique \u00e0 F\u00e8s. Une mise en bouche avant le clou du spectacle pr\u00e9vu le lendemain \u00e0 17 heures \u00e0 Rabat : le choc de ces 8es de finale entre l\u2019Alg\u00e9rie et la R\u00e9publique d\u00e9mocratique du Congo, attendu par tous les suiveurs de la Coupe d\u2019Afrique des nations.<\/p>\n","protected":false},"excerpt":{"rendered":"Cette fois \u00e7a y est, tout le monde est fix\u00e9. La phase de poules de la Coupe d\u2019Afrique&hellip;\n","protected":false},"author":2,"featured_media":1080,"comment_status":"","ping_status":"","sticky":false,"template":"","format":"standard","meta":{"footnotes":""},"categories":[62],"tags":[64,360,311,264],"class_list":{"0":"post-1079","1":"post","2":"type-post","3":"status-publish","4":"format-standard","5":"has-post-thumbnail","7":"category-afrique","8":"tag-afrique","9":"tag-can","10":"tag-football","11":"tag-sports"},"share_on_mastodon":{"url":"","error":""},"_links":{"self":[{"href":"https:\/\/www.europesays.com\/africa\/wp-json\/wp\/v2\/posts\/1079","targetHints":{"allow":["GET"]}}],"collection":[{"href":"https:\/\/www.europesays.com\/africa\/wp-json\/wp\/v2\/posts"}],"about":[{"href":"https:\/\/www.europesays.com\/africa\/wp-json\/wp\/v2\/types\/post"}],"author":[{"embeddable":true,"href":"https:\/\/www.europesays.com\/africa\/wp-json\/wp\/v2\/users\/2"}],"replies":[{"embeddable":true,"href":"https:\/\/www.europesays.com\/africa\/wp-json\/wp\/v2\/comments?post=1079"}],"version-history":[{"count":0,"href":"https:\/\/www.europesays.com\/africa\/wp-json\/wp\/v2\/posts\/1079\/revisions"}],"wp:featuredmedia":[{"embeddable":true,"href":"https:\/\/www.europesays.com\/africa\/wp-json\/wp\/v2\/media\/1080"}],"wp:attachment":[{"href":"https:\/\/www.europesays.com\/africa\/wp-json\/wp\/v2\/media?parent=1079"}],"wp:term":[{"taxonomy":"category","embeddable":true,"href":"https:\/\/www.europesays.com\/africa\/wp-json\/wp\/v2\/categories?post=1079"},{"taxonomy":"post_tag","embeddable":true,"href":"https:\/\/www.europesays.com\/africa\/wp-json\/wp\/v2\/tags?post=1079"}],"curies":[{"name":"wp","href":"https:\/\/api.w.org\/{rel}","templated":true}]}}