{"id":1083,"date":"2026-01-03T19:53:19","date_gmt":"2026-01-03T19:53:19","guid":{"rendered":"https:\/\/www.europesays.com\/africa\/1083\/"},"modified":"2026-01-03T19:53:19","modified_gmt":"2026-01-03T19:53:19","slug":"can-2025-algerie-superbe-nouvelle-pour-deux-blesses-avant-la-rd-congo","status":"publish","type":"post","link":"https:\/\/www.europesays.com\/africa\/1083\/","title":{"rendered":"CAN 2025 &#8211; Alg\u00e9rie : superbe nouvelle pour deux bless\u00e9s avant la RD Congo ?"},"content":{"rendered":"<p>L\u2019Alg\u00e9rie re\u00e7oit un joli boost au moral avant son huiti\u00e8me de finale de la <a href=\"https:\/\/www.onzemondial.com\/selections\/can.html\" rel=\"nofollow noopener\" target=\"_blank\">CAN 2025<\/a> contre la RD Congo. Jaouen Hadjam et Samir Chergui, touch\u00e9s par des blessures contre le Burkina Faso, montrent des signes de r\u00e9tablissement prometteurs selon le journaliste Samir Kaabouche, cit\u00e9 par la Gazette du Fennec. Les deux d\u00e9fenseurs, forfaits face \u00e0 la Guin\u00e9e \u00e9quatoriale, sont rest\u00e9s avec le groupe au Maroc, laissant entrevoir une possible r\u00e9int\u00e9gration dans le tournoi.<\/p>\n<p>Le s\u00e9lectionneur Vladimir Petkovic avait initialement abord\u00e9 leur situation avec prudence, soulignant que les deux joueurs suivaient un traitement et que l\u2019\u00e9quipe devait se concentrer sur ceux aptes \u00e0 jouer. Depuis, les nouvelles sont plus optimistes. Hadjam et Chergui ont d\u00e9sormais de r\u00e9elles chances de reprendre la comp\u00e9tition, avec des examens m\u00e9dicaux programm\u00e9s le 4 janvier pour \u00e9valuer leur \u00e9tat et d\u00e9terminer le moment pr\u00e9cis de leur retour \u00e0 l\u2019entra\u00eenement.<\/p>\n<p>A lire aussi :Une longue pause avant la RDC qui tombe \u00e0 pic<\/p>\n<p>Cette fen\u00eatre de r\u00e9cup\u00e9ration tombe \u00e0 point nomm\u00e9, cinq jours avant l\u2019affrontement d\u00e9cisif contre la RD Congo. M\u00eame si leur pr\u00e9sence pour ce match reste incertaine, le temps disponible offre au staff m\u00e9dical une opportunit\u00e9 pr\u00e9cieuse pour jauger leur condition physique et planifier un retour progressif dans le tournoi.<\/p>\n<p>En cas de qualification, Hadjam et Chergui pourraient viser un retour d\u00e8s les quarts de finale, renfor\u00e7ant consid\u00e9rablement les options tactiques de Petkovic. Leur disponibilit\u00e9 repr\u00e9senterait un v\u00e9ritable atout pour les Fennecs \u00e0 l\u2019approche des moments cruciaux de la CAN 2025, offrant plus de profondeur d\u00e9fensive et de flexibilit\u00e9 tactique.<\/p>\n<p>   Partagez cette info avec vos amis et vos proches en cliquant ici<br \/> Pour r\u00e9sumer<\/p>\n<p>Avant le huiti\u00e8me de finale de la CAN 2025 contre la RD Congo, l\u2019Alg\u00e9rie re\u00e7oit un soulagement : Jaouen Hadjam et Samir Chergui, bless\u00e9s lors des matchs pr\u00e9c\u00e9dents, montrent des signes de r\u00e9cup\u00e9ration. Des examens m\u00e9dicaux le 4 janvier d\u00e9termineront leur retour possible, potentiellement d\u00e8s les quarts de finale, renfor\u00e7ant l\u2019\u00e9quipe.<\/p>\n<p>R\u00e9dacteur<\/p>\n<p><img decoding=\"async\" width=\"76\" height=\"76\" loading=\"lazy\" src=\"https:\/\/www.europesays.com\/africa\/wp-content\/uploads\/2026\/01\/logo-julien-pedebos.jpg\" alt=\"Julien P\u00e9debos\"\/><\/p>\n","protected":false},"excerpt":{"rendered":"L\u2019Alg\u00e9rie re\u00e7oit un joli boost au moral avant son huiti\u00e8me de finale de la CAN 2025 contre la&hellip;\n","protected":false},"author":2,"featured_media":1084,"comment_status":"","ping_status":"","sticky":false,"template":"","format":"standard","meta":{"footnotes":""},"categories":[254],"tags":[255,360],"class_list":{"0":"post-1083","1":"post","2":"type-post","3":"status-publish","4":"format-standard","5":"has-post-thumbnail","7":"category-algerie","8":"tag-algerie","9":"tag-can"},"share_on_mastodon":{"url":"","error":""},"_links":{"self":[{"href":"https:\/\/www.europesays.com\/africa\/wp-json\/wp\/v2\/posts\/1083","targetHints":{"allow":["GET"]}}],"collection":[{"href":"https:\/\/www.europesays.com\/africa\/wp-json\/wp\/v2\/posts"}],"about":[{"href":"https:\/\/www.europesays.com\/africa\/wp-json\/wp\/v2\/types\/post"}],"author":[{"embeddable":true,"href":"https:\/\/www.europesays.com\/africa\/wp-json\/wp\/v2\/users\/2"}],"replies":[{"embeddable":true,"href":"https:\/\/www.europesays.com\/africa\/wp-json\/wp\/v2\/comments?post=1083"}],"version-history":[{"count":0,"href":"https:\/\/www.europesays.com\/africa\/wp-json\/wp\/v2\/posts\/1083\/revisions"}],"wp:featuredmedia":[{"embeddable":true,"href":"https:\/\/www.europesays.com\/africa\/wp-json\/wp\/v2\/media\/1084"}],"wp:attachment":[{"href":"https:\/\/www.europesays.com\/africa\/wp-json\/wp\/v2\/media?parent=1083"}],"wp:term":[{"taxonomy":"category","embeddable":true,"href":"https:\/\/www.europesays.com\/africa\/wp-json\/wp\/v2\/categories?post=1083"},{"taxonomy":"post_tag","embeddable":true,"href":"https:\/\/www.europesays.com\/africa\/wp-json\/wp\/v2\/tags?post=1083"}],"curies":[{"name":"wp","href":"https:\/\/api.w.org\/{rel}","templated":true}]}}