{"id":10952,"date":"2026-01-08T09:49:11","date_gmt":"2026-01-08T09:49:11","guid":{"rendered":"https:\/\/www.europesays.com\/africa\/10952\/"},"modified":"2026-01-08T09:49:11","modified_gmt":"2026-01-08T09:49:11","slug":"maroc-cameroun-le-choc-des-quarts-a-quelle-heure-suivre-le-match-et-ou-le-regarder","status":"publish","type":"post","link":"https:\/\/www.europesays.com\/africa\/10952\/","title":{"rendered":"Maroc \u2013 Cameroun, le choc des quarts ! \u00c0 quelle heure suivre le match et o\u00f9 le regarder ?"},"content":{"rendered":"<p data-end=\"280\" data-start=\"133\">Le Maroc et le Cameroun se retrouvent ce vendredi 9 janvier \u00e0 Rabat pour disputer l\u2019un des quarts de finale de la Coupe d\u2019Afrique des nations 2025.<\/p>\n<p data-end=\"433\" data-start=\"282\">Un v\u00e9ritable duel de f\u00e9lins oppose les Lions de l\u2019Atlas aux Lions indomptables au stade Moulay-Abdellah, avec \u00e0 la cl\u00e9 un billet pour le dernier carr\u00e9.<\/p>\n<p data-end=\"653\" data-start=\"435\">Le Cameroun, longtemps plong\u00e9 dans les turbulences avant le tournoi, a su se relancer en \u00e9liminant l\u2019Afrique du Sud (2-1) au tour pr\u00e9c\u00e9dent. Le Maroc, de son c\u00f4t\u00e9, a d\u00fb batailler pour venir \u00e0 bout de la Tanzanie (1-0).<\/p>\n<p data-end=\"1150\" data-start=\"655\">Les hommes de Walid Regragui nourrissent l\u2019ambition de d\u00e9crocher un deuxi\u00e8me titre continental, presque un demi-si\u00e8cle apr\u00e8s leur sacre de 1976. Mais face \u00e0 eux, le Cameroun peut s\u2019appuyer sur une statistique qui a de quoi faire trembler : quintuple champion d\u2019Afrique, le pays a \u00e9limin\u00e9 \u00e0 sept reprises la nation organisatrice de la CAN. Un pr\u00e9c\u00e9dent reste d\u2019ailleurs dans les m\u00e9moires : en 1988, les Indomptables avaient \u00e9cart\u00e9 le Maroc en demi-finale \u00e0 domicile avant de s\u2019emparer du troph\u00e9e.<\/p>\n<p data-end=\"198\" data-start=\"68\">Le quart de finale Maroc\u2013Cameroun sera diffus\u00e9 \u00e0 partir de 20h sur Arryadia (TNT) ainsi que sur beIN Sports.<\/p>\n<p data-end=\"321\" data-is-last-node=\"\" data-is-only-node=\"\" data-start=\"200\">\u00a0<\/p>\n","protected":false},"excerpt":{"rendered":"Le Maroc et le Cameroun se retrouvent ce vendredi 9 janvier \u00e0 Rabat pour disputer l\u2019un des quarts&hellip;\n","protected":false},"author":2,"featured_media":10953,"comment_status":"","ping_status":"","sticky":false,"template":"","format":"standard","meta":{"footnotes":""},"categories":[41],"tags":[4232,158,7535,7536],"class_list":{"0":"post-10952","1":"post","2":"type-post","3":"status-publish","4":"format-standard","5":"has-post-thumbnail","7":"category-maroc","8":"tag-can-2025-au-maroc","9":"tag-maroc","10":"tag-maroc-vs-cameroun","11":"tag-quarts-de-finale-de-la-can"},"share_on_mastodon":{"url":"","error":""},"_links":{"self":[{"href":"https:\/\/www.europesays.com\/africa\/wp-json\/wp\/v2\/posts\/10952","targetHints":{"allow":["GET"]}}],"collection":[{"href":"https:\/\/www.europesays.com\/africa\/wp-json\/wp\/v2\/posts"}],"about":[{"href":"https:\/\/www.europesays.com\/africa\/wp-json\/wp\/v2\/types\/post"}],"author":[{"embeddable":true,"href":"https:\/\/www.europesays.com\/africa\/wp-json\/wp\/v2\/users\/2"}],"replies":[{"embeddable":true,"href":"https:\/\/www.europesays.com\/africa\/wp-json\/wp\/v2\/comments?post=10952"}],"version-history":[{"count":0,"href":"https:\/\/www.europesays.com\/africa\/wp-json\/wp\/v2\/posts\/10952\/revisions"}],"wp:featuredmedia":[{"embeddable":true,"href":"https:\/\/www.europesays.com\/africa\/wp-json\/wp\/v2\/media\/10953"}],"wp:attachment":[{"href":"https:\/\/www.europesays.com\/africa\/wp-json\/wp\/v2\/media?parent=10952"}],"wp:term":[{"taxonomy":"category","embeddable":true,"href":"https:\/\/www.europesays.com\/africa\/wp-json\/wp\/v2\/categories?post=10952"},{"taxonomy":"post_tag","embeddable":true,"href":"https:\/\/www.europesays.com\/africa\/wp-json\/wp\/v2\/tags?post=10952"}],"curies":[{"name":"wp","href":"https:\/\/api.w.org\/{rel}","templated":true}]}}