{"id":11014,"date":"2026-01-08T10:46:08","date_gmt":"2026-01-08T10:46:08","guid":{"rendered":"https:\/\/www.europesays.com\/africa\/11014\/"},"modified":"2026-01-08T10:46:08","modified_gmt":"2026-01-08T10:46:08","slug":"117-394-certificats-negatifs-delivres-en-dix-mois-ompic","status":"publish","type":"post","link":"https:\/\/www.europesays.com\/africa\/11014\/","title":{"rendered":"117.394 certificats n\u00e9gatifs d\u00e9livr\u00e9s en dix mois (OMPIC)"},"content":{"rendered":"<p>\t\t\tL\u2019activit\u00e9 de d\u00e9livrance des noms commerciaux poursuit sa tendance haussi\u00e8re depuis le d\u00e9but de l\u2019ann\u00e9e pour atteindre 117.394 certificats n\u00e9gatifs d\u00e9livr\u00e9s \u00e0 fin octobre 2025, en hausse de 10% par rapport \u00e0 la m\u00eame p\u00e9riode en 2024, selon l\u2019Office marocain de la propri\u00e9t\u00e9 industrielle et commerciale (OMPIC).<\/p>\n<p style=\"text-align: justify;\">Cette croissance est essentiellement attribu\u00e9e \u00e0 la hausse des demandes de d\u00e9nominations (+11%) qui repr\u00e9sentent 94% du total des certificats d\u00e9livr\u00e9s, pr\u00e9cise l\u2019Office dans son r\u00e9cent bulletin de la propri\u00e9t\u00e9 industrielle et commerciale au Maroc.<\/p>\n<p style=\"text-align: justify;\">D\u2019apr\u00e8s la m\u00eame source, la r\u00e9partition r\u00e9gionale des noms commerciaux d\u00e9livr\u00e9s fait ressortir une nette pr\u00e9dominance de la r\u00e9gion de Casablanca-Settat qui a d\u00e9tenu 37,2% des certificats d\u00e9livr\u00e9s avec un total de 43.698 certificats, suivie par Rabat-Sal\u00e9-K\u00e9nitra (17.132 certificats), Marrakech-Safi (15.670 certificats) et Tanger-T\u00e9touan-Al Hoceima (13.096 certificats).<\/p>\n<p style=\"text-align: justify;\">Concernant l\u2019activit\u00e9 de cr\u00e9ation d\u2019entreprises, elle a maintenu sa tendance haussi\u00e8re au cours des dix premiers mois de 2025, enregistrant une hausse significative de 17% par rapport \u00e0 l\u2019ann\u00e9e pr\u00e9c\u00e9dente.<\/p>\n<p style=\"text-align: justify;\">Cette croissance se r\u00e9partit entre une augmentation de 17,4% pour les personnes morales et de 16,04% pour les personnes physiques. Les personnes morales constituent la part la plus importante des nouvelles immatriculations, soit 72% du total, avec 66.391 cr\u00e9ations, contre 25.841 pour les personnes physiques.<\/p>\n<p style=\"text-align: justify;\">Lire aussi :\u00a0<a style=\"color: #008000;\" href=\"https:\/\/maroc-diplomatique.net\/fes-meknes-plus-de-4-900-entreprises-creees-a-fin-aout-2025-ompic\/\" rel=\"nofollow noopener\" target=\"_blank\">F\u00e8s-Mekn\u00e8s : Plus de 4.900 entreprises cr\u00e9\u00e9es \u00e0 fin ao\u00fbt 2025 (OMPIC)<\/a><\/p>\n<p style=\"text-align: justify;\">Au volet de la propri\u00e9t\u00e9 industrielle, le bulletin de l\u2019OMPIC fait \u00e9tat de 26.553 demandes relatives aux marques, dont 17.773 demandes d\u2019enregistrement et 8.780 renouvellements.<\/p>\n<p style=\"text-align: justify;\">Ce total comprend 17.803 d\u00e9p\u00f4ts nationaux effectu\u00e9s directement aupr\u00e8s de l\u2019OMPIC et 8.750 d\u00e9signations internationales via le Syst\u00e8me de Madrid. Les demandes d\u2019origine marocaine constituent 68% du total des d\u00e9p\u00f4ts, et les renouvellements effectu\u00e9s par voie nationale repr\u00e9sentent 43% du total des marques renouvel\u00e9es.<\/p>\n<p style=\"text-align: justify;\">La r\u00e9gion de Casablanca-Settat domine le classement des d\u00e9p\u00f4ts avec 53,4% du total des demandes d\u2019enregistrement, suivie par Rabat-Sal\u00e9-K\u00e9nitra (10,47%) et Marrakech-Safi (7,58%).<\/p>\n<p style=\"text-align: justify;\">Pour ce qui est des brevets d\u2019invention, l\u2019OMPIC a re\u00e7u 2.414 demandes durant les dix premiers mois de 2025, dont 338 d\u2019origine marocaine et 2.076 d\u2019origine \u00e9trang\u00e8re.<\/p>\n<p style=\"text-align: justify;\">Les demandes d\u2019origine marocaine ont connu une \u00e9volution de 39% comparativement \u00e0 la m\u00eame p\u00e9riode de 2024, fait savoir l\u2019Office, pr\u00e9cisant que 516 brevets d\u2019invention ont \u00e9t\u00e9 d\u00e9livr\u00e9s.<\/p>\n<p style=\"text-align: justify;\">Le secteur des produits pharmaceutiques arrive en t\u00eate du classement en mati\u00e8re de d\u00e9p\u00f4ts de brevets d\u2019invention, avec 27%, suivi par la biotechnologie (14%) et la chimie fine organique (11%).<\/p>\n<p style=\"text-align: justify;\">Le classement par type de d\u00e9posant des demandes d\u2019origine marocaine pour les dix premiers mois de l\u2019ann\u00e9e 2025 confirme la place des universit\u00e9s marocaines en tant que premier d\u00e9posant des brevets, avec une part de 64%, suivies des personnes physiques avec 20% et des entreprises avec 13%.<\/p>\n<p style=\"text-align: justify;\">S\u2019agissant des dessins et mod\u00e8les industriels (DMI) d\u00e9pos\u00e9s, ils se sont chiffr\u00e9s \u00e0 4.949, avec une baisse de 12% par rapport \u00e0 la m\u00eame p\u00e9riode de 2024.<\/p>\n<p style=\"text-align: justify;\">Avec MAP<\/p>\n","protected":false},"excerpt":{"rendered":"L\u2019activit\u00e9 de d\u00e9livrance des noms commerciaux poursuit sa tendance haussi\u00e8re depuis le d\u00e9but de l\u2019ann\u00e9e pour atteindre 117.394&hellip;\n","protected":false},"author":2,"featured_media":11015,"comment_status":"","ping_status":"","sticky":false,"template":"","format":"standard","meta":{"footnotes":""},"categories":[41],"tags":[7576,1262,5401,158,7577],"class_list":{"0":"post-11014","1":"post","2":"type-post","3":"status-publish","4":"format-standard","5":"has-post-thumbnail","7":"category-maroc","8":"tag-certificats","9":"tag-croissance","10":"tag-entreprises","11":"tag-maroc","12":"tag-ompic"},"share_on_mastodon":{"url":"","error":""},"_links":{"self":[{"href":"https:\/\/www.europesays.com\/africa\/wp-json\/wp\/v2\/posts\/11014","targetHints":{"allow":["GET"]}}],"collection":[{"href":"https:\/\/www.europesays.com\/africa\/wp-json\/wp\/v2\/posts"}],"about":[{"href":"https:\/\/www.europesays.com\/africa\/wp-json\/wp\/v2\/types\/post"}],"author":[{"embeddable":true,"href":"https:\/\/www.europesays.com\/africa\/wp-json\/wp\/v2\/users\/2"}],"replies":[{"embeddable":true,"href":"https:\/\/www.europesays.com\/africa\/wp-json\/wp\/v2\/comments?post=11014"}],"version-history":[{"count":0,"href":"https:\/\/www.europesays.com\/africa\/wp-json\/wp\/v2\/posts\/11014\/revisions"}],"wp:featuredmedia":[{"embeddable":true,"href":"https:\/\/www.europesays.com\/africa\/wp-json\/wp\/v2\/media\/11015"}],"wp:attachment":[{"href":"https:\/\/www.europesays.com\/africa\/wp-json\/wp\/v2\/media?parent=11014"}],"wp:term":[{"taxonomy":"category","embeddable":true,"href":"https:\/\/www.europesays.com\/africa\/wp-json\/wp\/v2\/categories?post=11014"},{"taxonomy":"post_tag","embeddable":true,"href":"https:\/\/www.europesays.com\/africa\/wp-json\/wp\/v2\/tags?post=11014"}],"curies":[{"name":"wp","href":"https:\/\/api.w.org\/{rel}","templated":true}]}}