{"id":11060,"date":"2026-01-08T11:14:07","date_gmt":"2026-01-08T11:14:07","guid":{"rendered":"https:\/\/www.europesays.com\/africa\/11060\/"},"modified":"2026-01-08T11:14:07","modified_gmt":"2026-01-08T11:14:07","slug":"larbitre-africain-de-lannee-au-sifflet","status":"publish","type":"post","link":"https:\/\/www.europesays.com\/africa\/11060\/","title":{"rendered":"L&#8217;arbitre africain de l&#8217;ann\u00e9e au sifflet"},"content":{"rendered":"<p style=\"text-align: justify;\" data-start=\"103\" data-end=\"481\">Pour diriger le choc tr\u00e8s attendu des quarts de finale de la CAN 2025 entre l\u2019Alg\u00e9rie et le Nig\u00e9ria, la Conf\u00e9d\u00e9ration africaine de football a opt\u00e9 pour un choix fort, celui du Somalien Abdelkader Artan. \u00c0 33 ans, le jeune arbitre, r\u00e9cemment sacr\u00e9 meilleur officiel africain de l\u2019ann\u00e9e, aura la lourde mission de tenir le sifflet d\u2019un match qui sent d\u00e9j\u00e0 la finale avant l\u2019heure.<\/p>\n<p style=\"text-align: justify;\" data-start=\"483\" data-end=\"830\">C\u2019\u00e9tait la question qui agitait les d\u00e9bats bien avant le coup d\u2019envoi. Qui pour arbitrer Alg\u00e9rie \u2013 Nig\u00e9ria ? Dans cette Coupe d\u2019Afrique des nations marqu\u00e9e par une suspicion persistante autour de l\u2019arbitrage, le nom de l\u2019homme en noir \u00e9tait presque aussi scrut\u00e9 que celui de l\u2019adversaire. La CAF le sait, et n\u2019a laiss\u00e9 aucune place \u00e0 la pol\u00e9mique.<\/p>\n<p style=\"text-align: justify;\" data-start=\"832\" data-end=\"1345\">Son choix s\u2019est donc port\u00e9 sur Abdelkader Artan, consid\u00e9r\u00e9 aujourd\u2019hui comme l\u2019une des valeurs s\u00fbres du corps arbitral africain. International depuis 2018, le Somalien a rapidement gravi les \u00e9chelons, au point de gagner la pleine confiance de l\u2019instance continentale. Preuve de ce cr\u00e9dit, Artan a d\u00e9j\u00e0 dirig\u00e9 la finale de la Ligue des champions africaine entre Pyramids FC et Mamelodi Sundowns, ainsi que le choc des \u00e9liminatoires du Mondial 2026 entre la RD Congo et le S\u00e9n\u00e9gal, \u00e0 Kinshasa, en septembre dernier.<\/p>\n<p>Un CV solide et une r\u00e9putation flatteuse<\/p>\n<p style=\"text-align: justify;\" data-start=\"1393\" data-end=\"1772\">Abdelkader Artan, de par son CV et sa r\u00e9putation, a le niveau pour ma\u00eetriser un tel choc. Cependant, son nom ne r\u00e9veille pas forc\u00e9ment de bons souvenirs chez les supporters alg\u00e9riens. La derni\u00e8re apparition d\u2019Artan lors d\u2019un match des Verts remonte \u00e0 janvier 2023, face \u00e0 la Mauritanie en C\u00f4te d\u2019Ivoire, une rencontre synonyme d\u2019\u00e9limination pour la s\u00e9lection nationale de la CAN.<\/p>\n<p style=\"text-align: justify;\" data-start=\"1774\" data-end=\"2076\" data-is-last-node=\"\" data-is-only-node=\"\">Mais les contextes changent, tout comme les hommes. En d\u00e9signant Artan pour ce quart de finale explosif, la CAF envoie un message d\u2019apaisement et de neutralit\u00e9, afin d\u2019\u00e9vacuer toute pol\u00e9mique avant ce rendez-vous majeur du football africain. Reste d\u00e9sormais aux Fennecs \u00e0 continuer \u00e0 \u00e9crire l\u2019histoire\u2026<\/p>\n<p>LIRE EGALEMENT : <a href=\"https:\/\/lagazettedufennec.com\/algerie-rd-congo-1-0-can-2025-rabat-noubliera-pas-cette-soiree\/\" rel=\"nofollow noopener\" target=\"_blank\">Alg\u00e9rie-RD Congo (1-0) \/ CAN 2025 : Rabat n\u2019oubliera pas cette soir\u00e9e !<\/a><\/p>\n","protected":false},"excerpt":{"rendered":"Pour diriger le choc tr\u00e8s attendu des quarts de finale de la CAN 2025 entre l\u2019Alg\u00e9rie et le&hellip;\n","protected":false},"author":2,"featured_media":11061,"comment_status":"","ping_status":"","sticky":false,"template":"","format":"standard","meta":{"footnotes":""},"categories":[254],"tags":[255,256,285,7608,7609,7610,7611],"class_list":{"0":"post-11060","1":"post","2":"type-post","3":"status-publish","4":"format-standard","5":"has-post-thumbnail","7":"category-algerie","8":"tag-algerie","9":"tag-algu00e9rie-can","10":"tag-algu00e9rie-coupe-dafrique","11":"tag-algu00e9rie-nigu00e9ria","12":"tag-algu00e9rie-nigu00e9ria-arbitre","13":"tag-algu00e9rie-nigu00e9ria-can-2025","14":"tag-algu00e9rie-nigu00e9ria-match"},"share_on_mastodon":{"url":"","error":""},"_links":{"self":[{"href":"https:\/\/www.europesays.com\/africa\/wp-json\/wp\/v2\/posts\/11060","targetHints":{"allow":["GET"]}}],"collection":[{"href":"https:\/\/www.europesays.com\/africa\/wp-json\/wp\/v2\/posts"}],"about":[{"href":"https:\/\/www.europesays.com\/africa\/wp-json\/wp\/v2\/types\/post"}],"author":[{"embeddable":true,"href":"https:\/\/www.europesays.com\/africa\/wp-json\/wp\/v2\/users\/2"}],"replies":[{"embeddable":true,"href":"https:\/\/www.europesays.com\/africa\/wp-json\/wp\/v2\/comments?post=11060"}],"version-history":[{"count":0,"href":"https:\/\/www.europesays.com\/africa\/wp-json\/wp\/v2\/posts\/11060\/revisions"}],"wp:featuredmedia":[{"embeddable":true,"href":"https:\/\/www.europesays.com\/africa\/wp-json\/wp\/v2\/media\/11061"}],"wp:attachment":[{"href":"https:\/\/www.europesays.com\/africa\/wp-json\/wp\/v2\/media?parent=11060"}],"wp:term":[{"taxonomy":"category","embeddable":true,"href":"https:\/\/www.europesays.com\/africa\/wp-json\/wp\/v2\/categories?post=11060"},{"taxonomy":"post_tag","embeddable":true,"href":"https:\/\/www.europesays.com\/africa\/wp-json\/wp\/v2\/tags?post=11060"}],"curies":[{"name":"wp","href":"https:\/\/api.w.org\/{rel}","templated":true}]}}