{"id":11064,"date":"2026-01-08T11:16:09","date_gmt":"2026-01-08T11:16:09","guid":{"rendered":"https:\/\/www.europesays.com\/africa\/11064\/"},"modified":"2026-01-08T11:16:09","modified_gmt":"2026-01-08T11:16:09","slug":"a-rabat-la-jordanie-reaffirme-son-appui-a-lintegrite-territoriale-du-maroc-et-au-plan-dautonomie","status":"publish","type":"post","link":"https:\/\/www.europesays.com\/africa\/11064\/","title":{"rendered":"\u00c0 Rabat, la Jordanie r\u00e9affirme son appui \u00e0 l\u2019int\u00e9grit\u00e9 territoriale du Maroc et au Plan d\u2019autonomie"},"content":{"rendered":"<p>\t\t\tLa diplomatie maroco-jordanienne a franchi une nouvelle \u00e9tape, port\u00e9e par une convergence politique affirm\u00e9e et un soutien renouvel\u00e9 aux grandes causes communes, au premier rang desquelles figure la question de l\u2019int\u00e9grit\u00e9 territoriale du Royaume.<\/p>\n<p style=\"text-align: justify;\">\u00c0 Rabat, les relations entre le Maroc et la Jordanie ont connu une s\u00e9quence diplomatique de premier plan \u00e0 l\u2019occasion des entretiens tenus, mercredi 7 janvier 2026, entre Nasser Bourita, ministre des Affaires \u00e9trang\u00e8res, de la Coop\u00e9ration africaine et des Marocains r\u00e9sidant \u00e0 l\u2019\u00e9tranger, et Mazen Turki El Qadi, pr\u00e9sident de la Chambre des repr\u00e9sentants du Royaume hach\u00e9mite de Jordanie, selon un communiqu\u00e9 du minist\u00e8re marocain des Affaires \u00e9trang\u00e8res.<\/p>\n<p style=\"text-align: justify;\">Les discussions ont port\u00e9 en priorit\u00e9 sur les moyens de renforcer la coop\u00e9ration bilat\u00e9rale et de consolider la coordination politique et institutionnelle entre les deux pays, dans un contexte r\u00e9gional marqu\u00e9 par des d\u00e9fis multiples. Elles s\u2019inscrivent \u00e9galement dans le cadre d\u2019une visite officielle effectu\u00e9e par M. Mazen Turki El Qadi \u00e0 l\u2019invitation du pr\u00e9sident de la Chambre des repr\u00e9sentants, Rachid Talbi Alami, visite marqu\u00e9e par la participation de repr\u00e9sentants de cinq groupes parlementaires jordaniens.<\/p>\n<p style=\"text-align: justify;\">Au fil de ses rencontres, notamment avec M. Nasser Bourita, M. Rachid Talbi Alami et le vice-pr\u00e9sident de la Chambre des conseillers, Ahmed Akhchichine, le responsable jordanien a tenu \u00e0 souligner la singularit\u00e9 du partenariat entre les deux Royaumes.<\/p>\n<p style=\"text-align: justify;\">Lire aussi :\u00a0<a style=\"color: #008000;\" href=\"https:\/\/maroc-diplomatique.net\/le-maroc-et-la-jordanie-renforcent-leur-coordination-diplomatique-face\/\" rel=\"nofollow noopener\" target=\"_blank\">Le Maroc et la Jordanie renforcent leur coordination diplomatique face aux tensions au Moyen-Orient<\/a><\/p>\n<p style=\"text-align: justify;\">\u00ab Le Maroc et la Jordanie partagent les caract\u00e9ristiques d\u2019un leadership sage, \u00e9quilibr\u00e9 et dot\u00e9 d\u2019une vision approfondie \u00bb, a-t-il d\u00e9clar\u00e9, selon le quotidien jordanien Addustour. Il a notamment mis en avant la l\u00e9gitimit\u00e9 historique et religieuse des deux monarchies, leur diplomatie qualifi\u00e9e de mod\u00e9r\u00e9e, ainsi que l\u2019enracinement de leurs institutions. Selon lui, ces fondements ont permis aux deux pays de traverser les turbulences r\u00e9gionales tout en pr\u00e9servant leur stabilit\u00e9 et leur cr\u00e9dibilit\u00e9 sur la sc\u00e8ne internationale.<\/p>\n<p style=\"text-align: justify;\">Pour sa part, le chef de la diplomatie marocaine a rappel\u00e9 que ce partenariat repose sur une coordination politique et diplomatique avanc\u00e9e. M. Nasser Bourita a d\u00e9clar\u00e9 que \u00ab Sa Majest\u00e9 le Roi Mohammed VI et Sa Majest\u00e9 le Roi Abdallah II m\u00e8nent une politique \u00e9trang\u00e8re \u00e9quilibr\u00e9e, fond\u00e9e sur la mod\u00e9ration, le dialogue et la recherche de la stabilit\u00e9 \u00bb, saluant \u00e0 cet \u00e9gard l\u2019appui explicite de la Jordanie \u00e0 l\u2019Initiative marocaine d\u2019autonomie et son soutien constant \u00e0 l\u2019int\u00e9grit\u00e9 territoriale du Maroc.<\/p>\n<p style=\"text-align: justify;\">Le soutien de la Jordanie \u00e0 l\u2019int\u00e9grit\u00e9 territoriale du Maroc<\/p>\n<p style=\"text-align: justify;\">La question du Sahara marocain a occup\u00e9 une place centrale dans les d\u00e9clarations du pr\u00e9sident de la Chambre des repr\u00e9sentants jordanienne. Celui-ci a r\u00e9affirm\u00e9 \u00ab le soutien clair et constant de la Jordanie \u00e0 l\u2019int\u00e9grit\u00e9 territoriale du Royaume du Maroc \u00bb, soulignant l\u2019adh\u00e9sion de son pays \u00e0 une solution conforme \u00e0 la l\u00e9galit\u00e9 internationale. Il a, dans ce cadre, fait r\u00e9f\u00e9rence \u00e0 la derni\u00e8re r\u00e9solution du Conseil de s\u00e9curit\u00e9 2797, adopt\u00e9e en octobre 2025, ainsi qu\u2019\u00e0 l\u2019Initiative d\u2019autonomie propos\u00e9e par le Maroc, qu\u2019il a qualifi\u00e9e de \u00ab solution pratique et r\u00e9aliste \u00bb.<\/p>\n<p style=\"text-align: justify;\">Sur le plan institutionnel, le parlementaire jordanien a mis en avant le r\u00f4le strat\u00e9gique de la coop\u00e9ration parlementaire, qu\u2019il consid\u00e8re comme un pilier essentiel du partenariat bilat\u00e9ral. Il a jug\u00e9 \u00ab primordial \u00bb la signature d\u2019un m\u00e9morandum d\u2019entente entre les parlements des deux pays afin de renforcer les capacit\u00e9s, d\u2019\u00e9changer les expertises et d\u2019assurer une coordination efficace au sein des instances parlementaires r\u00e9gionales et internationales, au service des causes arabes et islamiques.<\/p>\n<p style=\"text-align: justify;\">De son c\u00f4t\u00e9, M. Rachid Talbi Alami a soulign\u00e9 que les relations maroco-jordaniennes constituent \u00ab un mod\u00e8le de coop\u00e9ration arabe fond\u00e9e sur le respect mutuel et l\u2019unit\u00e9 des positions \u00bb. Il a affirm\u00e9 que le Maroc accorde une importance particuli\u00e8re au d\u00e9veloppement du partenariat parlementaire avec la Jordanie, consid\u00e9r\u00e9 comme un levier compl\u00e9mentaire \u00e0 l\u2019action diplomatique conduite par les gouvernements et les chefs d\u2019\u00c9tat.<\/p>\n","protected":false},"excerpt":{"rendered":"La diplomatie maroco-jordanienne a franchi une nouvelle \u00e9tape, port\u00e9e par une convergence politique affirm\u00e9e et un soutien renouvel\u00e9&hellip;\n","protected":false},"author":2,"featured_media":11065,"comment_status":"","ping_status":"","sticky":false,"template":"","format":"standard","meta":{"footnotes":""},"categories":[41],"tags":[7612,7613,158,7614,7615],"class_list":{"0":"post-11064","1":"post","2":"type-post","3":"status-publish","4":"format-standard","5":"has-post-thumbnail","7":"category-maroc","8":"tag-chambre-des-representants","9":"tag-jordanie","10":"tag-maroc","11":"tag-mazen-turki-el-qadi","12":"tag-nasser-bourita"},"share_on_mastodon":{"url":"","error":""},"_links":{"self":[{"href":"https:\/\/www.europesays.com\/africa\/wp-json\/wp\/v2\/posts\/11064","targetHints":{"allow":["GET"]}}],"collection":[{"href":"https:\/\/www.europesays.com\/africa\/wp-json\/wp\/v2\/posts"}],"about":[{"href":"https:\/\/www.europesays.com\/africa\/wp-json\/wp\/v2\/types\/post"}],"author":[{"embeddable":true,"href":"https:\/\/www.europesays.com\/africa\/wp-json\/wp\/v2\/users\/2"}],"replies":[{"embeddable":true,"href":"https:\/\/www.europesays.com\/africa\/wp-json\/wp\/v2\/comments?post=11064"}],"version-history":[{"count":0,"href":"https:\/\/www.europesays.com\/africa\/wp-json\/wp\/v2\/posts\/11064\/revisions"}],"wp:featuredmedia":[{"embeddable":true,"href":"https:\/\/www.europesays.com\/africa\/wp-json\/wp\/v2\/media\/11065"}],"wp:attachment":[{"href":"https:\/\/www.europesays.com\/africa\/wp-json\/wp\/v2\/media?parent=11064"}],"wp:term":[{"taxonomy":"category","embeddable":true,"href":"https:\/\/www.europesays.com\/africa\/wp-json\/wp\/v2\/categories?post=11064"},{"taxonomy":"post_tag","embeddable":true,"href":"https:\/\/www.europesays.com\/africa\/wp-json\/wp\/v2\/tags?post=11064"}],"curies":[{"name":"wp","href":"https:\/\/api.w.org\/{rel}","templated":true}]}}