{"id":1107,"date":"2026-01-03T20:11:07","date_gmt":"2026-01-03T20:11:07","guid":{"rendered":"https:\/\/www.europesays.com\/africa\/1107\/"},"modified":"2026-01-03T20:11:07","modified_gmt":"2026-01-03T20:11:07","slug":"le-camerounais-emmanuel-pi-djob-quand-le-gospel-retrouve-lafrique-les-pepites-musicales-de-rfi","status":"publish","type":"post","link":"https:\/\/www.europesays.com\/africa\/1107\/","title":{"rendered":"Le Camerounais Emmanuel Pi Djob, quand le gospel retrouve l\u2019Afrique &#8211; Les p\u00e9pites musicales de RFI"},"content":{"rendered":"<p class=\"t-content__chapo\">\n                                                Tout au long de l\u2019ann\u00e9e, Guillaume Thibault, grand reporter au service Afrique de RFI, croise des artistes du continent africain et d\u2019ailleurs. Ces rencontres dans leurs maisons, dans les coulisses de leurs concerts, ou dans leurs chambres d\u2019h\u00f4tel donnent lieu \u00e0 des moments uniques o\u00f9 l\u2019on parle de soi, de la musique et du monde\u00a0: ce sont les p\u00e9pites musicales de RFI. Cette semaine, t\u00eate-\u00e0-t\u00eate radiophonique avec le pape du gospel : le Camerounais Emmanuel Pi Djob qui \u00e9tait pr\u00e9sent au festival Zamane, dans le sud du Maroc, en novembre\u00a02025.                    <\/p>\n<p><img decoding=\"async\" fetchpriority=\"low\" src=\"https:\/\/www.europesays.com\/africa\/wp-content\/uploads\/2026\/01\/PHOTO-2026-01-03-14-59-10.jpg\"   width=\"1024\" height=\"576\" alt=\"Natif du Cameroun, Emmanuel Pi Djob multiplie les collaborations, ici avec le m\u00e2alem marocain Ait Faraji pour retrouver les racines du blues et du gospel.\" loading=\"eager\" class=\"a-img \"\/><\/p>\n<p>                Natif du Cameroun, Emmanuel Pi Djob multiplie les collaborations, ici avec le m\u00e2alem marocain Ait Faraji pour retrouver les racines du blues et du gospel.                \u00a9 Guillaume Thibault            <\/p>\n<p>\u00a0<\/p>\n<p class=\"a-read-more\">\u00c0 lire aussi<a href=\"https:\/\/www.rfi.fr\/fr\/musique\/20251116-maroc-au-festival-zamane-la-musique-et-le-partage-sur-les-traces-des-traditions-du-sahara\" target=\"_self\" class=\"a-read-more__link\" rel=\"nofollow noopener\">Maroc: au festival Zamane, la musique et le partage sur les traces des traditions du Sahara<\/a><\/p>\n","protected":false},"excerpt":{"rendered":"Tout au long de l\u2019ann\u00e9e, Guillaume Thibault, grand reporter au service Afrique de RFI, croise des artistes du&hellip;\n","protected":false},"author":2,"featured_media":1108,"comment_status":"","ping_status":"","sticky":false,"template":"","format":"standard","meta":{"footnotes":""},"categories":[62],"tags":[64,381,557,1306,1305,1307],"class_list":{"0":"post-1107","1":"post","2":"type-post","3":"status-publish","4":"format-standard","5":"has-post-thumbnail","7":"category-afrique","8":"tag-afrique","9":"tag-cameroun","10":"tag-culture","11":"tag-les-pepites-musicales-de-rfi","12":"tag-musique","13":"tag-musique-africaine"},"share_on_mastodon":{"url":"","error":""},"_links":{"self":[{"href":"https:\/\/www.europesays.com\/africa\/wp-json\/wp\/v2\/posts\/1107","targetHints":{"allow":["GET"]}}],"collection":[{"href":"https:\/\/www.europesays.com\/africa\/wp-json\/wp\/v2\/posts"}],"about":[{"href":"https:\/\/www.europesays.com\/africa\/wp-json\/wp\/v2\/types\/post"}],"author":[{"embeddable":true,"href":"https:\/\/www.europesays.com\/africa\/wp-json\/wp\/v2\/users\/2"}],"replies":[{"embeddable":true,"href":"https:\/\/www.europesays.com\/africa\/wp-json\/wp\/v2\/comments?post=1107"}],"version-history":[{"count":0,"href":"https:\/\/www.europesays.com\/africa\/wp-json\/wp\/v2\/posts\/1107\/revisions"}],"wp:featuredmedia":[{"embeddable":true,"href":"https:\/\/www.europesays.com\/africa\/wp-json\/wp\/v2\/media\/1108"}],"wp:attachment":[{"href":"https:\/\/www.europesays.com\/africa\/wp-json\/wp\/v2\/media?parent=1107"}],"wp:term":[{"taxonomy":"category","embeddable":true,"href":"https:\/\/www.europesays.com\/africa\/wp-json\/wp\/v2\/categories?post=1107"},{"taxonomy":"post_tag","embeddable":true,"href":"https:\/\/www.europesays.com\/africa\/wp-json\/wp\/v2\/tags?post=1107"}],"curies":[{"name":"wp","href":"https:\/\/api.w.org\/{rel}","templated":true}]}}