{"id":11087,"date":"2026-01-08T11:34:18","date_gmt":"2026-01-08T11:34:18","guid":{"rendered":"https:\/\/www.europesays.com\/africa\/11087\/"},"modified":"2026-01-08T11:34:18","modified_gmt":"2026-01-08T11:34:18","slug":"rugby-a-xv-federale-1-cap-sur-le-maroc-pour-adil-achahbar","status":"publish","type":"post","link":"https:\/\/www.europesays.com\/africa\/11087\/","title":{"rendered":"Rugby \u00e0 XV &#8211; F\u00e9d\u00e9rale 1. Cap sur le Maroc pour Adil Achahbar"},"content":{"rendered":"<p class=\"heading\">&#8230;pour lire la suite, rejoignez notre communaut\u00e9 d&#8217;abonn\u00e9s<\/p>\n<p class=\"subtitle\">et acc\u00e9dez \u00e0 l&#8217;int\u00e9gralit\u00e9 de nos articles sur le site et l&#8217;application mobile<\/p>\n<p class=\"price-detail\">&#13;<br \/>\n\t\t\t\t\t\t\t\t\t\t\t\t\u00e0 partir de 1 \u20ac  le 1er mois, sans engagement de dur\u00e9e&#13;\n\t\t\t\t\t\t\t\t\t\t\t<\/p>\n<p class=\"listSKU\" style=\"display:none\">{&#8216;skus&#8217;: [&#8216;ldlswgpremium16&#8217;]}<\/p>\n<p class=\"google-sub-infos\">Google : 1\u20ac le 1er mois puis 12,99\u20ac<\/p>\n","protected":false},"excerpt":{"rendered":"&#8230;pour lire la suite, rejoignez notre communaut\u00e9 d&#8217;abonn\u00e9s et acc\u00e9dez \u00e0 l&#8217;int\u00e9gralit\u00e9 de nos articles sur le site&hellip;\n","protected":false},"author":2,"featured_media":11088,"comment_status":"","ping_status":"","sticky":false,"template":"","format":"standard","meta":{"footnotes":""},"categories":[41],"tags":[7619,7620,7622,7623,7621,7618,1063,7625,158,7624,1075,310,7626],"class_list":{"0":"post-11087","1":"post","2":"type-post","3":"status-publish","4":"format-standard","5":"has-post-thumbnail","7":"category-maroc","8":"tag-bedarrides","9":"tag-bedarrides-et-autour","10":"tag-chateauneuf-du-pape","11":"tag-chateauneuf-du-pape-et-autour","12":"tag-edition-provencale","13":"tag-federale-1-rugby","14":"tag-fil-info-sport","15":"tag-grand-avignon","16":"tag-maroc","17":"tag-pays-dorange","18":"tag-rugby","19":"tag-sport","20":"tag-vaucluse"},"share_on_mastodon":{"url":"","error":""},"_links":{"self":[{"href":"https:\/\/www.europesays.com\/africa\/wp-json\/wp\/v2\/posts\/11087","targetHints":{"allow":["GET"]}}],"collection":[{"href":"https:\/\/www.europesays.com\/africa\/wp-json\/wp\/v2\/posts"}],"about":[{"href":"https:\/\/www.europesays.com\/africa\/wp-json\/wp\/v2\/types\/post"}],"author":[{"embeddable":true,"href":"https:\/\/www.europesays.com\/africa\/wp-json\/wp\/v2\/users\/2"}],"replies":[{"embeddable":true,"href":"https:\/\/www.europesays.com\/africa\/wp-json\/wp\/v2\/comments?post=11087"}],"version-history":[{"count":0,"href":"https:\/\/www.europesays.com\/africa\/wp-json\/wp\/v2\/posts\/11087\/revisions"}],"wp:featuredmedia":[{"embeddable":true,"href":"https:\/\/www.europesays.com\/africa\/wp-json\/wp\/v2\/media\/11088"}],"wp:attachment":[{"href":"https:\/\/www.europesays.com\/africa\/wp-json\/wp\/v2\/media?parent=11087"}],"wp:term":[{"taxonomy":"category","embeddable":true,"href":"https:\/\/www.europesays.com\/africa\/wp-json\/wp\/v2\/categories?post=11087"},{"taxonomy":"post_tag","embeddable":true,"href":"https:\/\/www.europesays.com\/africa\/wp-json\/wp\/v2\/tags?post=11087"}],"curies":[{"name":"wp","href":"https:\/\/api.w.org\/{rel}","templated":true}]}}