{"id":1111,"date":"2026-01-03T20:13:08","date_gmt":"2026-01-03T20:13:08","guid":{"rendered":"https:\/\/www.europesays.com\/africa\/1111\/"},"modified":"2026-01-03T20:13:08","modified_gmt":"2026-01-03T20:13:08","slug":"la-france-doit-elle-reclamer-une-indemnisation-a-lalgerie","status":"publish","type":"post","link":"https:\/\/www.europesays.com\/africa\/1111\/","title":{"rendered":"La France doit-elle r\u00e9clamer une indemnisation \u00e0 l\u2019Alg\u00e9rie ?"},"content":{"rendered":"<p>par\u00a0Arnaud Raffard de Brienne<\/p>\n<p class=\"wp-block-heading\">Le 24 d\u00e9cembre dernier, veille de No\u00ebl, tout un symbole, debout et \u00e9charpe aux couleurs du drapeau alg\u00e9rien autour du cou, les d\u00e9put\u00e9s alg\u00e9riens votaient \u00e0 l\u2019unanimit\u00e9 une loi criminalisant la colonisation fran\u00e7aise et r\u00e9clamant des excuses officielles en m\u00eame temps que, \u00e9videmment, une indemnisation sonnante et tr\u00e9buchante.<\/p>\n<p>Avec une tonalit\u00e9 manifestement vengeresse, le texte augure m\u00eame de peines de prison et d\u2019une interdiction de droits civiques et politiques pour tout impertinent qui se risquerait \u00e0 promouvoir la colonisation ou \u00e0 nier qu\u2019elle ait constitu\u00e9 un crime. Ce faisant et aussi choquant que puisse apparaitre une telle loi, elle ne fait jamais qu\u2019ent\u00e9riner les propos tenus en 2017 par Emmanuel Macron \u2013 apr\u00e8s Fran\u00e7ois Hollande \u2013, alors candidat \u00e0 la pr\u00e9sidence de la r\u00e9publique, qui avait \u00e9voqu\u00e9 un crime contre l\u2019humanit\u00e9, pr\u00e9cisant que : \u00ab \u00c7a fait partie de ce pass\u00e9 que nous devons regarder en face en pr\u00e9sentant aussi nos excuses \u00e0 l\u2019\u00e9gard de celles et ceux envers lesquels nous avons commis ces gestes.\u00a0\u00bb<\/p>\n<p>Sans surprise, la classe politique fran\u00e7aise observe, depuis cette annonce du 24 d\u00e9cembre, un l\u00e2che et coupable silence, \u00e0 l\u2019exception de la molle protestation du minist\u00e8re des Affaires \u00e9trang\u00e8res \u00e9voquant\u00a0\u00ab\u00a0une initiative manifestement hostile, \u00e0 la fois \u00e0 la volont\u00e9 de reprise du dialogue franco-alg\u00e9rien, et \u00e0 un travail serein sur les enjeux m\u00e9moriels\u00a0\u00bb, avant n\u00e9anmoins de saluer\u00a0\u00ab\u00a0L\u2019ampleur du travail engag\u00e9 par le pr\u00e9sident\u00a0\u00a0Emmanuel Macron\u00a0\u00bb, s\u2019agissant de la m\u00e9moire de la colonisation.<\/p>\n<p>Tr\u00e8s ch\u00e8re Alg\u00e9rie<\/p>\n<p>Il apparait donc utile de rappeler que la France, apr\u00e8s avoir men\u00e9 \u00ab\u00a0l\u2019exp\u00e9dition d\u2019Alger\u00a0\u00bb d\u00e9cid\u00e9e par Charles X, sans intention pr\u00e9alable de coloniser qui que ce soit mais pour mettre enfin un terme \u00e0 l\u2019intol\u00e9rable piraterie des Barbaresques qui infestaient la M\u00e9diterran\u00e9e depuis des si\u00e8cles, s\u2019est ruin\u00e9e pour l\u2019Alg\u00e9rie et continue, \u00e0 un moindre degr\u00e9 sans doute, en respectant le fameux accord de 1968 qui, selon un rapport parlementaire (enfin) pr\u00e9sent\u00e9 en Commission des finances, apr\u00e8s plusieurs reports diplomatiques, de nous co\u00fbter 2 milliards d\u2019euros par an. Le r\u00e9gime favorablement d\u00e9rogatoire de cet accord du 27 d\u00e9cembre 1968, offre aux Alg\u00e9riens install\u00e9s en France un statut tout \u00e0 fait exceptionnel, malgr\u00e9 ses r\u00e9visions de 1984 et de 2001. Acc\u00e8s facilit\u00e9 au s\u00e9jour, \u00e0 un r\u00e9gime pr\u00e9f\u00e9rentiel d\u2019obtention du revenu social d\u2019activit\u00e9 (RSA), \u00e0 la retraite des citoyens alg\u00e9riens en France, au regroupement familial, aux prestations sociales, tous bienfaits assortis d\u2019une protection particuli\u00e8re contre un \u00e9ventuel retrait du titre de s\u00e9jour. Et cette \u00e9num\u00e9ration ne pr\u00e9tend en rien \u00e0 l\u2019exhaustivit\u00e9.<\/p>\n<p>Quant au co\u00fbt de la colonisation elle-m\u00eame, les donn\u00e9es les plus s\u00e9rieusement \u00e9tablies\u00a0donnent le vertige. Nous devons \u00e0 des historiens, tels que Jacques Marseille, Daniel Lefeuvre, Bernard Lugan et quelques autres, des analyses parfaitement document\u00e9es, d\u00fbment chiffr\u00e9es et sinon irr\u00e9futables, \u00e0 ce jour irr\u00e9fut\u00e9es. Retenons qu\u2019en 1959, trois ans avant l\u2019ind\u00e9pendance officielle, l\u2019Alg\u00e9rie dissipait 20% du budget de l\u2019\u00c9tat fran\u00e7ais, soit davantage que le co\u00fbt cumul\u00e9 de l\u2019Education nationale, des Transports, Travaux publics, de la reconstruction, l\u2019Industrie et le commerce. La France dut en grande partie le retard de modernisation de son industrie aux fortunes qu\u2019elle engloutissait pour maintenir et moderniser l\u2019Alg\u00e9rie. On connait la c\u00e9l\u00e8bre formule du journaliste Raymond Cartier, \u00ab \u00ab La Corr\u00e8ze avant le Zamb\u00e8ze \u00bb, qui ne faisait jamais que condenser l\u2019opinion quasi-g\u00e9n\u00e9rale de la classe politique et des milieux d\u2019affaires : il fallait en finir avec la ruineuse pr\u00e9sence fran\u00e7aise en Alg\u00e9rie.<\/p>\n<p>La France doit-elle pour autant pr\u00e9senter la facture de ses r\u00e9alisations \u00e0 l\u2019Alg\u00e9rie ? Une facture dans laquelle seraient approximativement \u00e9valu\u00e9es les constructions de 54 000 kilom\u00e8tres de routes et pistes et de 4 300 de voies ferr\u00e9es, de 23 ports am\u00e9nag\u00e9s dont 4 aux normes internationales, de centaines de ponts, tunnels et viaducs, d\u2019industries lourdes, de 112 h\u00f4pitaux polyvalents, 14 sp\u00e9cialis\u00e9s et 3 grands h\u00f4pitaux \u00e0 Alger, Oran et Constantine, de 31 centrales hydro\u00e9lectriques et de milliers d\u2019\u00e9coles, lyc\u00e9es et universit\u00e9s. Une liste bien incompl\u00e8te et d\u2019ailleurs une facturation honn\u00eate ne pourrait \u00e9viter de comptabiliser, m\u00eame approximativement, le co\u00fbt de la d\u00e9couverte et l\u2019exploitation des r\u00e9serves sahariennes de p\u00e9trole, de la constitution d\u2019une agriculture florissante jusqu\u2019en 1962, avant son retour en jach\u00e8re et les cons\u00e9quences financi\u00e8res du ruineux Pacte colonial.<\/p>\n<p>Si Paris et Alger devaient mutuellement s\u2019adresser une facture d\u2019indemnisation, sans doute serait-il mis un point final et d\u00e9finitif au mythe d\u2019une France enrichie sur le dos de ses colonies.<\/p>\n<p>Article paru sur le site du <a href=\"https:\/\/nouveaupresent.fr\/2026\/01\/02\/la-france-doit-elle-reclamer-une-indemnisation-a-lalgerie\/\" rel=\"nofollow noopener\" target=\"_blank\">Nouveau Pr\u00e9sent<\/a>.<\/p>\n<p style=\"text-align: center;\" align=\"center\">EuroLibert\u00e9s\u00a0: toujours mieux vous r\u00e9-informer\u00a0\u2026 GR\u00c2CE \u00c0 VOUS\u00a0!<\/p>\n<p style=\"text-align: center;\" align=\"center\">Ne financez pas le syst\u00e8me\u00a0! Financez\u00a0EuroLibert\u00e9s\u00a0!<\/p>\n<p>EuroLibert\u00e9s\u00a0r\u00e9-informe parce qu\u2019EuroLibert\u00e9s est un m\u00e9dia qui ne d\u00e9pend ni du Syst\u00e8me, ni des banques, ni des lobbies et qui est d\u00e9gag\u00e9 de tout politiquement correct.<\/p>\n<p>Fort d\u2019une audience grandissante avec 60\u00a0000 visiteurs uniques par mois,\u00a0EuroLibert\u00e9s\u00a0est un acteur incontournable de dissection des politiques europ\u00e9ennes men\u00e9es dans les \u00c9tats europ\u00e9ens membres ou non de l\u2019Union europ\u00e9enne.<\/p>\n<p>Ne b\u00e9n\u00e9ficiant d\u2019aucune subvention, \u00e0 la diff\u00e9rence des m\u00e9dias du syst\u00e8me, et int\u00e9gralement anim\u00e9 par des b\u00e9n\u00e9voles,\u00a0EuroLibert\u00e9s\u00a0a n\u00e9anmoins un co\u00fbt qui englobe les frais de cr\u00e9ation et d\u2019administration du site, les mailings de promotion et enfin les d\u00e9placements indispensables pour la r\u00e9alisation d\u2019interviews.<\/p>\n<p>EuroLibert\u00e9s est un organe de presse d\u2019int\u00e9r\u00eat g\u00e9n\u00e9ral. Chaque don ouvre droit \u00e0\u00a0une d\u00e9duction fiscale \u00e0 hauteur de 66 %. \u00c0 titre d\u2019exemple, un don de 100 euros\u00a0offre une d\u00e9duction fiscale de 66 euros. Ainsi, votre don ne vous co\u00fbte en r\u00e9alit\u00e9 que\u00a034 euros.<\/p>\n<p style=\"text-align: right;\" align=\"right\">Philippe Randa,<br \/>Directeur d\u2019EuroLibert\u00e9s.<\/p>\n<p style=\"text-align: center;\" align=\"center\">Quatre solutions pour nous soutenir\u00a0:<\/p>\n<p>1\u00a0: Faire un don par paypal (paiement s\u00e9curis\u00e9 SSL)<\/p>\n<p>Sur le site EuroLibert\u00e9s (www.eurolibertes.com), en\u00a0cliquant, vous serez alors redirig\u00e9 vers le site de paiement en ligne PayPal. Transaction 100\u00a0% s\u00e9curis\u00e9e.\u2028\u00a0<\/p>\n<p>2\u00a0: Faire un don par ch\u00e8que bancaire \u00e0 l\u2019ordre d\u2019EuroLibert\u00e9s<\/p>\n<p>\u00e0 retourner \u00e0\u00a0: EuroLibert\u00e9s<br \/>BP 400 35 \u2013 94271 Le Kremlin-Bic\u00eatre cedex \u2013 France<\/p>\n","protected":false},"excerpt":{"rendered":"par\u00a0Arnaud Raffard de Brienne Le 24 d\u00e9cembre dernier, veille de No\u00ebl, tout un symbole, debout et \u00e9charpe aux&hellip;\n","protected":false},"author":2,"featured_media":1112,"comment_status":"","ping_status":"","sticky":false,"template":"","format":"standard","meta":{"footnotes":""},"categories":[254],"tags":[255,1309,1310,1311,1312,1313,1314,1315,1316,1317,1318,1319],"class_list":{"0":"post-1111","1":"post","2":"type-post","3":"status-publish","4":"format-standard","5":"has-post-thumbnail","7":"category-algerie","8":"tag-algerie","9":"tag-arnaud-raffard-de-brienne","10":"tag-bernard-lugan","11":"tag-chard","12":"tag-charles-x","13":"tag-colonies","14":"tag-daniel-lefeuvre","15":"tag-emmanuel-macron","16":"tag-expedition-dalger","17":"tag-francois-hollande","18":"tag-jacques-marseille","19":"tag-pacte-colonial"},"share_on_mastodon":{"url":"","error":""},"_links":{"self":[{"href":"https:\/\/www.europesays.com\/africa\/wp-json\/wp\/v2\/posts\/1111","targetHints":{"allow":["GET"]}}],"collection":[{"href":"https:\/\/www.europesays.com\/africa\/wp-json\/wp\/v2\/posts"}],"about":[{"href":"https:\/\/www.europesays.com\/africa\/wp-json\/wp\/v2\/types\/post"}],"author":[{"embeddable":true,"href":"https:\/\/www.europesays.com\/africa\/wp-json\/wp\/v2\/users\/2"}],"replies":[{"embeddable":true,"href":"https:\/\/www.europesays.com\/africa\/wp-json\/wp\/v2\/comments?post=1111"}],"version-history":[{"count":0,"href":"https:\/\/www.europesays.com\/africa\/wp-json\/wp\/v2\/posts\/1111\/revisions"}],"wp:featuredmedia":[{"embeddable":true,"href":"https:\/\/www.europesays.com\/africa\/wp-json\/wp\/v2\/media\/1112"}],"wp:attachment":[{"href":"https:\/\/www.europesays.com\/africa\/wp-json\/wp\/v2\/media?parent=1111"}],"wp:term":[{"taxonomy":"category","embeddable":true,"href":"https:\/\/www.europesays.com\/africa\/wp-json\/wp\/v2\/categories?post=1111"},{"taxonomy":"post_tag","embeddable":true,"href":"https:\/\/www.europesays.com\/africa\/wp-json\/wp\/v2\/tags?post=1111"}],"curies":[{"name":"wp","href":"https:\/\/api.w.org\/{rel}","templated":true}]}}