{"id":11226,"date":"2026-01-08T13:20:06","date_gmt":"2026-01-08T13:20:06","guid":{"rendered":"https:\/\/www.europesays.com\/africa\/11226\/"},"modified":"2026-01-08T13:20:06","modified_gmt":"2026-01-08T13:20:06","slug":"le-cnra-devient-cnrm-une-regulation-elargie-pour-la-regulation-des-medias-et-des-contenus-numeriques","status":"publish","type":"post","link":"https:\/\/www.europesays.com\/africa\/11226\/","title":{"rendered":"Le CNRA devient CNRM, une r\u00e9gulation \u00e9largie pour la r\u00e9gulation des m\u00e9dias et des contenus num\u00e9riques"},"content":{"rendered":"<p class=\"firstp\">Le gouvernement s\u00e9n\u00e9galais annonce une r\u00e9forme majeure de la r\u00e9gulation des m\u00e9dias, avec la transformation du Conseil National de R\u00e9gulation de l\u2019Audiovisuel (CNRA) en Conseil National de R\u00e9gulation des M\u00e9dias (CNRM). Cette \u00e9volution, pr\u00e9sent\u00e9e comme le fruit de \u00ab quelques mois de travail acharn\u00e9 \u00bb pilot\u00e9 par la Direction de la communication, vise \u00e0 adapter le cadre juridique \u00e0 la r\u00e9volution num\u00e9rique.<\/p>\n<p class=\"ds-markdown-paragraph\">Dans un message sur X, Habibou Dia, directeur de la Communication au minist\u00e8re de la Communication, a d\u00e9taill\u00e9 les contours de cette refonte. Alors que le <a href=\"https:\/\/www.senenews.com\/actualites\/le-cnrm-remplace-le-cnra-tout-ce-quil-faut-savoir-sur-ce-nouvel-organe-de-regularisation_571876.html\" rel=\"nofollow noopener\" target=\"_blank\">CNRA<\/a>, cr\u00e9\u00e9 en 2006, r\u00e9gulait principalement la radio et la t\u00e9l\u00e9vision, le CNRM \u00e9tend d\u00e9sormais son champ d\u2019action aux m\u00e9dias en ligne, aux plateformes num\u00e9riques et aux cr\u00e9ateurs de contenus.\n<\/p>\n<p class=\"ds-markdown-paragraph\">\u00ab Le CNRM permet d\u2019adapter la r\u00e9gulation \u00e0 cette nouvelle r\u00e9alit\u00e9, en couvrant l\u2019ensemble de la cha\u00eene de valeur de l\u2019information et de la communication \u00bb, a-t-il expliqu\u00e9. Il a \u00e9galement insist\u00e9 sur la responsabilit\u00e9 des influenceurs et cr\u00e9ateurs de contenus : \u00ab Lorsqu\u2019ils participent \u00e0 l\u2019espace public de l\u2019information, ils doivent \u00eatre soumis \u00e0 des principes de responsabilit\u00e9, au m\u00eame titre que les m\u00e9dias traditionnels, dans le respect des libert\u00e9s fondamentales. \u00bb\n<\/p>\n<p class=\"ds-markdown-paragraph\">Autre innovation majeure : tous les postes de pr\u00e9sident et de membres du coll\u00e8ge du CNRM seront d\u00e9sormais pourvus via un appel public \u00e0 candidatures. Cette mesure entend renforcer la transparence et la participation citoyenne dans la gouvernance des m\u00e9dias au S\u00e9n\u00e9gal.<\/p>\n<p class=\"ds-markdown-paragraph\">Cette r\u00e9forme s\u2019inscrit dans un contexte d\u2019expansion rapide des m\u00e9dias num\u00e9riques et des r\u00e9seaux sociaux, et vise \u00e0 concilier r\u00e9gulation, libert\u00e9 d\u2019expression et responsabilit\u00e9 \u00e9ditoriale \u00e0 l\u2019\u00e8re du num\u00e9rique.<\/p>\n","protected":false},"excerpt":{"rendered":"Le gouvernement s\u00e9n\u00e9galais annonce une r\u00e9forme majeure de la r\u00e9gulation des m\u00e9dias, avec la transformation du Conseil National&hellip;\n","protected":false},"author":2,"featured_media":11227,"comment_status":"","ping_status":"","sticky":false,"template":"","format":"standard","meta":{"footnotes":""},"categories":[48],"tags":[7687,159,163,239],"class_list":{"0":"post-11226","1":"post","2":"type-post","3":"status-publish","4":"format-standard","5":"has-post-thumbnail","7":"category-senegal","8":"tag-cnra","9":"tag-senegal","10":"tag-senegal-actualites","11":"tag-societe"},"share_on_mastodon":{"url":"","error":""},"_links":{"self":[{"href":"https:\/\/www.europesays.com\/africa\/wp-json\/wp\/v2\/posts\/11226","targetHints":{"allow":["GET"]}}],"collection":[{"href":"https:\/\/www.europesays.com\/africa\/wp-json\/wp\/v2\/posts"}],"about":[{"href":"https:\/\/www.europesays.com\/africa\/wp-json\/wp\/v2\/types\/post"}],"author":[{"embeddable":true,"href":"https:\/\/www.europesays.com\/africa\/wp-json\/wp\/v2\/users\/2"}],"replies":[{"embeddable":true,"href":"https:\/\/www.europesays.com\/africa\/wp-json\/wp\/v2\/comments?post=11226"}],"version-history":[{"count":0,"href":"https:\/\/www.europesays.com\/africa\/wp-json\/wp\/v2\/posts\/11226\/revisions"}],"wp:featuredmedia":[{"embeddable":true,"href":"https:\/\/www.europesays.com\/africa\/wp-json\/wp\/v2\/media\/11227"}],"wp:attachment":[{"href":"https:\/\/www.europesays.com\/africa\/wp-json\/wp\/v2\/media?parent=11226"}],"wp:term":[{"taxonomy":"category","embeddable":true,"href":"https:\/\/www.europesays.com\/africa\/wp-json\/wp\/v2\/categories?post=11226"},{"taxonomy":"post_tag","embeddable":true,"href":"https:\/\/www.europesays.com\/africa\/wp-json\/wp\/v2\/tags?post=11226"}],"curies":[{"name":"wp","href":"https:\/\/api.w.org\/{rel}","templated":true}]}}