{"id":11252,"date":"2026-01-08T13:37:19","date_gmt":"2026-01-08T13:37:19","guid":{"rendered":"https:\/\/www.europesays.com\/africa\/11252\/"},"modified":"2026-01-08T13:37:19","modified_gmt":"2026-01-08T13:37:19","slug":"nigeria-la-decision-forte-de-la-caf-pour-larbitre-du-choc","status":"publish","type":"post","link":"https:\/\/www.europesays.com\/africa\/11252\/","title":{"rendered":"Nig\u00e9ria : la d\u00e9cision forte de la CAF pour l&#8217;arbitre du choc !"},"content":{"rendered":"<p>La Conf\u00e9d\u00e9ration africaine de football a tranch\u00e9 pour le quart de finale Alg\u00e9rie\u2013Nig\u00e9ria de la CAN 2025, en d\u00e9signant le Somalien Abdelkader Artan pour diriger l\u2019un des matchs les plus attendus du tournoi. Plus qu\u2019un simple choix technique, cette nomination repr\u00e9sente une prise de position claire de la CAF qui semble d\u00e9cid\u00e9e \u00e0 garantir le plus de s\u00e9rieux possible autour de ce choc.<\/p>\n<p>\u00c2g\u00e9 de 33 ans et r\u00e9cemment \u00e9lu meilleur arbitre africain de l\u2019ann\u00e9e, Artan est en effet l&#8217;une des valeurs s\u00fbres du moment. International depuis 2018, il s\u2019est impos\u00e9 comme un arbitre habitu\u00e9 aux rendez-vous \u00e0 haute intensit\u00e9. Sa direction de la finale de la Ligue des champions africaine entre Pyramids FC et Mamelodi Sundowns ou encore du duel RD Congo\u2013S\u00e9n\u00e9gal lors des \u00e9liminatoires du Mondial 2026 avait notamment \u00e9t\u00e9 salu\u00e9e.<\/p>\n<p>A lire aussi :Artan, un arbitre r\u00e9f\u00e9rence en Afrique<\/p>\n<p>Pour la CAF, son profil coche toutes les cases n\u00e9cessaires \u00e0 une rencontre susceptible de basculer sur des d\u00e9tails. La d\u00e9signation intervient dans un climat sensible : chaque d\u00e9cision arbitrale sera forc\u00e9ment scrut\u00e9e, et la moindre pol\u00e9mique pourrait enflammer un quart de finale d\u00e9j\u00e0 charg\u00e9 en tension sportive. Confier le sifflet \u00e0 un officiel consid\u00e9r\u00e9 comme neutre et performant envoie donc un message de fermet\u00e9 et de transparence.<\/p>\n<p>Le choix d\u2019Artan n\u2019est toutefois pas anodin pour les supporters alg\u00e9riens. Sa derni\u00e8re apparition avec les Verts remonte \u00e0 la CAN 2023, lors du match perdu face \u00e0 la Mauritanie, synonyme d\u2019\u00e9limination. Mais la CAF fait donc le choix de la s\u00e9curit\u00e9 avec cet arbitre aux performances irr\u00e9prochables derni\u00e8rement.<\/p>\n<p>   Partagez cette info avec vos amis et vos proches en cliquant ici<br \/> Pour r\u00e9sumer<\/p>\n<p>La CAF a confi\u00e9 le quart de finale Alg\u00e9rie\u2013Nig\u00e9ria au Somalien Abdelkader Artan, \u00e9lu arbitre africain de l\u2019ann\u00e9e. Ce choix vise \u00e0 garantir neutralit\u00e9 et rigueur pour un choc tr\u00e8s attendu, malgr\u00e9 un pr\u00e9c\u00e9dent n\u00e9gatif pour les Verts. Artan arrive avec un solide CV et une r\u00e9putation affirm\u00e9e.<\/p>\n<p>R\u00e9dacteur<\/p>\n<p><img decoding=\"async\" width=\"76\" height=\"76\" loading=\"lazy\" src=\"https:\/\/www.europesays.com\/africa\/wp-content\/uploads\/2026\/01\/logo-julien-pedebos.jpg\" alt=\"Julien P\u00e9debos\"\/><\/p>\n","protected":false},"excerpt":{"rendered":"La Conf\u00e9d\u00e9ration africaine de football a tranch\u00e9 pour le quart de finale Alg\u00e9rie\u2013Nig\u00e9ria de la CAN 2025, en&hellip;\n","protected":false},"author":2,"featured_media":11253,"comment_status":"","ping_status":"","sticky":false,"template":"","format":"standard","meta":{"footnotes":""},"categories":[254],"tags":[255,360],"class_list":{"0":"post-11252","1":"post","2":"type-post","3":"status-publish","4":"format-standard","5":"has-post-thumbnail","7":"category-algerie","8":"tag-algerie","9":"tag-can"},"share_on_mastodon":{"url":"","error":""},"_links":{"self":[{"href":"https:\/\/www.europesays.com\/africa\/wp-json\/wp\/v2\/posts\/11252","targetHints":{"allow":["GET"]}}],"collection":[{"href":"https:\/\/www.europesays.com\/africa\/wp-json\/wp\/v2\/posts"}],"about":[{"href":"https:\/\/www.europesays.com\/africa\/wp-json\/wp\/v2\/types\/post"}],"author":[{"embeddable":true,"href":"https:\/\/www.europesays.com\/africa\/wp-json\/wp\/v2\/users\/2"}],"replies":[{"embeddable":true,"href":"https:\/\/www.europesays.com\/africa\/wp-json\/wp\/v2\/comments?post=11252"}],"version-history":[{"count":0,"href":"https:\/\/www.europesays.com\/africa\/wp-json\/wp\/v2\/posts\/11252\/revisions"}],"wp:featuredmedia":[{"embeddable":true,"href":"https:\/\/www.europesays.com\/africa\/wp-json\/wp\/v2\/media\/11253"}],"wp:attachment":[{"href":"https:\/\/www.europesays.com\/africa\/wp-json\/wp\/v2\/media?parent=11252"}],"wp:term":[{"taxonomy":"category","embeddable":true,"href":"https:\/\/www.europesays.com\/africa\/wp-json\/wp\/v2\/categories?post=11252"},{"taxonomy":"post_tag","embeddable":true,"href":"https:\/\/www.europesays.com\/africa\/wp-json\/wp\/v2\/tags?post=11252"}],"curies":[{"name":"wp","href":"https:\/\/api.w.org\/{rel}","templated":true}]}}