{"id":11256,"date":"2026-01-08T13:39:12","date_gmt":"2026-01-08T13:39:12","guid":{"rendered":"https:\/\/www.europesays.com\/africa\/11256\/"},"modified":"2026-01-08T13:39:12","modified_gmt":"2026-01-08T13:39:12","slug":"le-climat-envoie-un-signal-clair","status":"publish","type":"post","link":"https:\/\/www.europesays.com\/africa\/11256\/","title":{"rendered":"le climat envoie un signal clair"},"content":{"rendered":"<p>\t\t\tLe Maroc traverse une vague de froid marqu\u00e9e et durable, appel\u00e9e \u00e0 se prolonger jusqu\u2019\u00e0 dimanche, touchant une grande partie du territoire par des temp\u00e9ratures n\u00e9gatives, des chutes de neige, des pluies soutenues et des vents violents. Si ces conditions affectent r\u00e9guli\u00e8rement les zones montagneuses, leur extension \u00e0 des r\u00e9gions historiquement peu expos\u00e9es au froid extr\u00eame r\u00e9v\u00e8le une \u00e9volution pr\u00e9occupante.<\/p>\n<p style=\"text-align: justify;\">La neige observ\u00e9e cette semaine \u00e0 Oujda, ville au climat semi-aride o\u00f9 ce ph\u00e9nom\u00e8ne \u00e9tait devenu exceptionnel apr\u00e8s de longues ann\u00e9es d\u2019absence, constitue \u00e0 ce titre un \u00e9v\u00e9nement hautement r\u00e9v\u00e9lateur. Loin d\u2019\u00eatre une simple anomalie saisonni\u00e8re, cet \u00e9pisode illustre une transformation profonde du r\u00e9gime climatique national, marqu\u00e9e par une instabilit\u00e9 croissante et une perte progressive des rep\u00e8res m\u00e9t\u00e9orologiques traditionnels.<\/p>\n<p style=\"text-align: justify;\">Quand l\u2019exception climatique devient un sympt\u00f4me structurel<\/p>\n<p style=\"text-align: justify;\">Voir Oujda recouverte de neige n\u2019est pas le signe d\u2019un retour \u00e0 un hiver \u00ab normal \u00bb, mais l\u2019expression d\u2019un d\u00e9s\u00e9quilibre atmosph\u00e9rique plus large. Le r\u00e9chauffement climatique global perturbe la circulation des masses d\u2019air, notamment le jet-stream, favorisant des descentes brutales d\u2019air polaire vers des latitudes inhabituelles. Ce m\u00e9canisme explique la survenue d\u2019\u00e9pisodes de froid plus courts mais plus intenses, capables de produire de la neige \u00e0 basse altitude, m\u00eame dans des r\u00e9gions qui n\u2019y \u00e9taient plus confront\u00e9es. Le paradoxe est d\u00e9sormais bien \u00e9tabli : un climat globalement plus chaud g\u00e9n\u00e8re des ph\u00e9nom\u00e8nes plus extr\u00eames, plus contrast\u00e9s et plus impr\u00e9visibles. La neige \u00e0 Oujda, comme le froid persistant dans l\u2019Oriental ou certaines plaines int\u00e9rieures, s\u2019inscrit pleinement dans cette dynamique.<\/p>\n<p style=\"text-align: justify;\">Lire aussi :\u00a0<a style=\"color: #008000;\" href=\"https:\/\/maroc-diplomatique.net\/vague-de-froid-de-vendredi-a-dimanche-dans-plusieurs-provinces\/\" rel=\"nofollow noopener\" target=\"_blank\">Vague de froid de vendredi \u00e0 dimanche dans plusieurs provinces<\/a><\/p>\n<p style=\"text-align: justify;\">Un pays vuln\u00e9rable face \u00e0 une instabilit\u00e9 durable<\/p>\n<p style=\"text-align: justify;\">Pour le Maroc, d\u00e9j\u00e0 fortement expos\u00e9 aux s\u00e9cheresses, au stress hydrique et aux vagues de chaleur, cette instabilit\u00e9 climatique repr\u00e9sente un d\u00e9fi majeur. L\u2019\u00e9pisode actuel met en lumi\u00e8re les limites de la pr\u00e9paration face \u00e0 des \u00e9v\u00e9nements hivernaux inhabituels : infrastructures inadapt\u00e9es, vuln\u00e9rabilit\u00e9 accrue des populations rurales, perturbations agricoles et \u00e9conomiques dans des zones peu pr\u00e9par\u00e9es au froid et au gel. L\u2019\u00e9merveillement suscit\u00e9 par la neige dans des villes comme Oujda ne doit pas masquer la r\u00e9alit\u00e9. Ce qui appara\u00eet aujourd\u2019hui comme une exception spectaculaire pourrait devenir demain une contrainte r\u00e9currente. Le d\u00e9r\u00e8glement climatique ne se manifeste plus par des tendances abstraites, mais par des \u00e9v\u00e9nements concrets, visibles et co\u00fbteux.<\/p>\n<p style=\"text-align: justify;\">La vague de froid actuelle et la neige exceptionnelle \u00e0 Oujda constituent ainsi un avertissement clair. Elles rappellent que le climat marocain entre dans une phase nouvelle, faite d\u2019alternances brutales et de risques accrus. Anticiper ces mutations, en renfor\u00e7ant les syst\u00e8mes d\u2019alerte, en adaptant les infrastructures et en int\u00e9grant pleinement le risque climatique dans les politiques publiques, n\u2019est plus une option, mais une n\u00e9cessit\u00e9 strat\u00e9gique. Car le message envoy\u00e9 par le climat est d\u00e9sormais explicite : l\u2019exception d\u2019hier est en train de devenir la norme de demain.<\/p>\n","protected":false},"excerpt":{"rendered":"Le Maroc traverse une vague de froid marqu\u00e9e et durable, appel\u00e9e \u00e0 se prolonger jusqu\u2019\u00e0 dimanche, touchant une&hellip;\n","protected":false},"author":2,"featured_media":11257,"comment_status":"","ping_status":"","sticky":false,"template":"","format":"standard","meta":{"footnotes":""},"categories":[41],"tags":[2152,7323,158,1188,4772],"class_list":{"0":"post-11256","1":"post","2":"type-post","3":"status-publish","4":"format-standard","5":"has-post-thumbnail","7":"category-maroc","8":"tag-climat","9":"tag-froid","10":"tag-maroc","11":"tag-neige","12":"tag-oujda"},"share_on_mastodon":{"url":"","error":""},"_links":{"self":[{"href":"https:\/\/www.europesays.com\/africa\/wp-json\/wp\/v2\/posts\/11256","targetHints":{"allow":["GET"]}}],"collection":[{"href":"https:\/\/www.europesays.com\/africa\/wp-json\/wp\/v2\/posts"}],"about":[{"href":"https:\/\/www.europesays.com\/africa\/wp-json\/wp\/v2\/types\/post"}],"author":[{"embeddable":true,"href":"https:\/\/www.europesays.com\/africa\/wp-json\/wp\/v2\/users\/2"}],"replies":[{"embeddable":true,"href":"https:\/\/www.europesays.com\/africa\/wp-json\/wp\/v2\/comments?post=11256"}],"version-history":[{"count":0,"href":"https:\/\/www.europesays.com\/africa\/wp-json\/wp\/v2\/posts\/11256\/revisions"}],"wp:featuredmedia":[{"embeddable":true,"href":"https:\/\/www.europesays.com\/africa\/wp-json\/wp\/v2\/media\/11257"}],"wp:attachment":[{"href":"https:\/\/www.europesays.com\/africa\/wp-json\/wp\/v2\/media?parent=11256"}],"wp:term":[{"taxonomy":"category","embeddable":true,"href":"https:\/\/www.europesays.com\/africa\/wp-json\/wp\/v2\/categories?post=11256"},{"taxonomy":"post_tag","embeddable":true,"href":"https:\/\/www.europesays.com\/africa\/wp-json\/wp\/v2\/tags?post=11256"}],"curies":[{"name":"wp","href":"https:\/\/api.w.org\/{rel}","templated":true}]}}