{"id":1141,"date":"2026-01-03T20:28:11","date_gmt":"2026-01-03T20:28:11","guid":{"rendered":"https:\/\/www.europesays.com\/africa\/1141\/"},"modified":"2026-01-03T20:28:11","modified_gmt":"2026-01-03T20:28:11","slug":"la-situation-dangereuse-de-linternational-senegalais-alassane-ndao-detenu-en-turquie","status":"publish","type":"post","link":"https:\/\/www.europesays.com\/africa\/1141\/","title":{"rendered":"La situation dangereuse de l&#8217;international s\u00e9n\u00e9galais Alassane Ndao, d\u00e9tenu en Turquie"},"content":{"rendered":"<p class=\"firstp\">La d\u00e9tention de l\u2019international s\u00e9n\u00e9galais Alassane Ndao, \u00e9voluant actuellement en Turquie et cit\u00e9 dans une affaire de paris ill\u00e9gaux, continue de provoquer des r\u00e9actions au S\u00e9n\u00e9gal. Ce vendredi 2 janvier 2026, ses parents, proches et acteurs du sport se sont rassembl\u00e9s \u00e0 Gueule Tap\u00e9e, \u00e0 Dakar, pour un point de presse en soutien \u00e0 l\u2019ancien joueur de Konyaspor et ex-pensionnaire du Dakar Sacr\u00e9-C\u0153ur.<\/p>\n<p>Dans une d\u00e9claration lue par Moustapha Gueye, pr\u00e9sident de l\u2019ASC Penc et porte-parole du jour, les proches du joueur ont tenu \u00e0 rappeler que, \u00ab jusqu\u2019\u00e0 preuve du contraire \u00bb, Alassane Ndao b\u00e9n\u00e9ficie pleinement de la pr\u00e9somption d\u2019innocence. \u00ab\u202fNous, parents, proches, amis, acteurs du sport et citoyens s\u00e9n\u00e9galais, tenons \u00e0 exprimer notre soutien total, humain et moral \u00e0 notre compatriote Alassane Ndao, qui traverse actuellement une \u00e9preuve difficile \u00e0 l\u2019\u00e9tranger, pr\u00e9cis\u00e9ment en Turquie. \u00c0 ce jour, aucune condamnation d\u00e9finitive n\u2019a \u00e9t\u00e9 prononc\u00e9e contre lui. Conform\u00e9ment au principe universel du droit, Alassane b\u00e9n\u00e9ficie pleinement de la pr\u00e9somption d\u2019innocence\u202f\u00bb, a-t-il soulign\u00e9.\n<\/p>\n<p>Selon Moustapha Gueye, le S\u00e9n\u00e9gal est un pays de valeurs, de dignit\u00e9 et de justice. \u00ab\u202fTout citoyen s\u00e9n\u00e9galais, o\u00f9 qu\u2019il se trouve, a droit \u00e0 une d\u00e9fense \u00e9quitable, \u00e0 un traitement juste et au respect de sa dignit\u00e9 humaine\u202f\u00bb, a-t-il ajout\u00e9, en appelant \u00e0 faire confiance aux institutions judiciaires turques comp\u00e9tentes pour \u00e9tablir la v\u00e9rit\u00e9 dans le respect des lois et proc\u00e9dures en vigueur. Le porte-parole a insist\u00e9 sur le caract\u00e8re strictement humain et fraternel de cette d\u00e9marche. \u00ab\u202fFace aux nombreuses rumeurs et sp\u00e9culations, nous appelons le public et les m\u00e9dias \u00e0 la prudence et au respect\u202f\u00bb, a-t-il d\u00e9clar\u00e9.<\/p>\n<p>Pour les proches du joueur, <a href=\"https:\/\/www.senenews.com\/actualites\/a-la-decouverte-dalassane-ndao-lattaquant-senegalais-au-coeur-des-soupcons-de-matches-truques_568750.html\" rel=\"nofollow noopener\" target=\"_blank\">Alassane Ndao<\/a> demeure \u00ab\u202favant tout un fils du S\u00e9n\u00e9gal, un sportif qui a dignement port\u00e9 les couleurs de son pays et qui m\u00e9rite, en cette p\u00e9riode difficile, le soutien et les pri\u00e8res de toute la nation\u202f\u00bb. Ils ont invit\u00e9 les S\u00e9n\u00e9galais \u00e0 aborder cette situation avec responsabilit\u00e9, calme et humanit\u00e9. La famille et les soutiens de l\u2019international s\u00e9n\u00e9galais ont \u00e9galement interpell\u00e9 les autorit\u00e9s du pays pour qu\u2019une assistance soit apport\u00e9e \u00e0 Alassane Ndao. Ils ont notamment appel\u00e9 le pr\u00e9sident de la R\u00e9publique, Bassirou Diomaye Faye, le Premier ministre Ousmane Sonko, ainsi que l\u2019ensemble du gouvernement \u00e0 s\u2019impliquer, rappelant que le joueur est d\u00e9tenu en Turquie depuis plus d\u2019un mois. Ils ont \u00e9galement sollicit\u00e9 l\u2019intervention du minist\u00e8re des Affaires \u00e9trang\u00e8res pour un suivi rapproch\u00e9 de la situation, tout en saluant les d\u00e9marches d\u00e9j\u00e0 entreprises par la F\u00e9d\u00e9ration s\u00e9n\u00e9galaise de football.<\/p>\n","protected":false},"excerpt":{"rendered":"La d\u00e9tention de l\u2019international s\u00e9n\u00e9galais Alassane Ndao, \u00e9voluant actuellement en Turquie et cit\u00e9 dans une affaire de paris&hellip;\n","protected":false},"author":2,"featured_media":1142,"comment_status":"","ping_status":"","sticky":false,"template":"","format":"standard","meta":{"footnotes":""},"categories":[48],"tags":[1355,311,159,163,481],"class_list":{"0":"post-1141","1":"post","2":"type-post","3":"status-publish","4":"format-standard","5":"has-post-thumbnail","7":"category-senegal","8":"tag-alassane-ndao","9":"tag-football","10":"tag-senegal","11":"tag-senegal-actualites","12":"tag-senenews-sport"},"share_on_mastodon":{"url":"","error":""},"_links":{"self":[{"href":"https:\/\/www.europesays.com\/africa\/wp-json\/wp\/v2\/posts\/1141","targetHints":{"allow":["GET"]}}],"collection":[{"href":"https:\/\/www.europesays.com\/africa\/wp-json\/wp\/v2\/posts"}],"about":[{"href":"https:\/\/www.europesays.com\/africa\/wp-json\/wp\/v2\/types\/post"}],"author":[{"embeddable":true,"href":"https:\/\/www.europesays.com\/africa\/wp-json\/wp\/v2\/users\/2"}],"replies":[{"embeddable":true,"href":"https:\/\/www.europesays.com\/africa\/wp-json\/wp\/v2\/comments?post=1141"}],"version-history":[{"count":0,"href":"https:\/\/www.europesays.com\/africa\/wp-json\/wp\/v2\/posts\/1141\/revisions"}],"wp:featuredmedia":[{"embeddable":true,"href":"https:\/\/www.europesays.com\/africa\/wp-json\/wp\/v2\/media\/1142"}],"wp:attachment":[{"href":"https:\/\/www.europesays.com\/africa\/wp-json\/wp\/v2\/media?parent=1141"}],"wp:term":[{"taxonomy":"category","embeddable":true,"href":"https:\/\/www.europesays.com\/africa\/wp-json\/wp\/v2\/categories?post=1141"},{"taxonomy":"post_tag","embeddable":true,"href":"https:\/\/www.europesays.com\/africa\/wp-json\/wp\/v2\/tags?post=1141"}],"curies":[{"name":"wp","href":"https:\/\/api.w.org\/{rel}","templated":true}]}}