{"id":11474,"date":"2026-01-08T15:53:06","date_gmt":"2026-01-08T15:53:06","guid":{"rendered":"https:\/\/www.europesays.com\/africa\/11474\/"},"modified":"2026-01-08T15:53:06","modified_gmt":"2026-01-08T15:53:06","slug":"afrique-macron-defend-un-partenariat-inedit-avec-le-continent","status":"publish","type":"post","link":"https:\/\/www.europesays.com\/africa\/11474\/","title":{"rendered":"Afrique: Macron d\u00e9fend un partenariat \u00ab in\u00e9dit \u00bb avec le continent"},"content":{"rendered":"<p class=\"story-body-text\" data-para-word-count=\"32\">Lors de la 30\u1d49 \u00e9dition de la Conf\u00e9rence des ambassadeurs de France, tenue \u00e0 Paris le 8 janvier 2026, le pr\u00e9sident Emmanuel Macron a pr\u00e9sent\u00e9 ses priorit\u00e9s en mati\u00e8re de politique \u00e9trang\u00e8re.<\/p>\n<p class=\"story-body-text\" data-para-word-count=\"52\">Dans une allocution tr\u00e8s attendue consacr\u00e9e aux relations franco-africaines, il a annonc\u00e9 un tournant majeur dans l\u2019approche de la France sur le continent, plaidant pour un partenariat fond\u00e9 sur l\u2019\u00e9galit\u00e9 et le respect mutuel. Il a \u00e9voqu\u00e9 un v\u00e9ritable \u00ab changement de logiciel \u00bb dans la diplomatie fran\u00e7aise \u00e0 l\u2019\u00e9gard de l\u2019Afrique.<\/p>\n<p class=\"story-body-text\" data-para-word-count=\"4\">Reconnaissance et m\u00e9moire historique<\/p>\n<p class=\"story-body-text\" style=\"text-align: center;\">\n<p>Suivez-nous sur <a href=\"https:\/\/whatsapp.com\/channel\/0029Vae09IP4inotqC0BUQ2V\" target=\"_blank\" rel=\"nofollow noopener\">WhatsApp<\/a> | <a href=\"https:\/\/www.linkedin.com\/company\/allafrica\/\" target=\"_blank\" rel=\"nofollow noopener\">LinkedIn<\/a> pour les derniers titres<\/p>\n<p class=\"story-body-text\" data-para-word-count=\"69\">Emmanuel Macron est revenu sur les initiatives m\u00e9morielles et culturelles engag\u00e9es ces derni\u00e8res ann\u00e9es, telles que la commission Stora sur l\u2019Alg\u00e9rie, les discours portant sur les m\u00e9moires douloureuses, la restitution d\u2019\u0153uvres d\u2019art et la mise en place de commissions d\u2019historiens avec plusieurs pays africains.<br \/>Selon le pr\u00e9sident, la France assume d\u00e9sormais une lecture lucide, scientifique et responsable de son pass\u00e9, refusant \u00e0 la fois la complaisance et la d\u00e9sinformation.<\/p>\n<p class=\"story-body-text\" data-para-word-count=\"6\">Contre le \u00ab panafricanisme instrumental \u00bb<\/p>\n<p class=\"story-body-text\" data-para-word-count=\"47\">Le chef de l\u2019\u00c9tat a \u00e9galement critiqu\u00e9 ce qu\u2019il qualifie de \u00ab panafricanisme instrumental \u00bb, utilis\u00e9, selon lui, par certains acteurs \u00e9trangers ou relay\u00e9 sur les r\u00e9seaux sociaux pour manipuler l\u2019opinion publique et exploiter une jeunesse africaine dont plus de 60 % a moins de 25 ans.<\/p>\n<p class=\"story-body-text\" data-para-word-count=\"6\">R\u00e9organisation de la pr\u00e9sence militaire fran\u00e7aise<\/p>\n<p class=\"story-body-text\" data-para-word-count=\"64\">Emmanuel Macron a abord\u00e9 la r\u00e9organisation de la pr\u00e9sence militaire fran\u00e7aise sur le continent, pr\u00e9cisant que la France ne se retire pas d\u2019Afrique mais ajuste son engagement.<br \/>Il a rappel\u00e9 que la pr\u00e9sence militaire historique, notamment dans la lutte contre le terrorisme, r\u00e9pondait \u00e0 la demande des \u00c9tats africains. Toutefois, certaines bases permanentes ont \u00e9t\u00e9 ferm\u00e9es afin de ne plus alimenter des discours postcoloniaux.<\/p>\n<p class=\"story-body-text\" data-para-word-count=\"65\">Cette r\u00e9organisation s\u2019accompagne d\u2019un nouveau mod\u00e8le de coop\u00e9ration militaire, plus cibl\u00e9 et r\u00e9gional, con\u00e7u en concertation avec les chefs d\u2019\u00c9tat africains. La France maintiendra une pr\u00e9sence strat\u00e9gique limit\u00e9e tout en d\u00e9veloppant un partenariat \u00e9largi dans des domaines tels que l\u2019entrepreneuriat, la culture, le sport et la mobilisation des diasporas. Le pr\u00e9sident a qualifi\u00e9 ces initiatives d\u2019\u00ab in\u00e9dites \u00bb, visant \u00e0 r\u00e9\u00e9quilibrer durablement la relation franco-africaine.<\/p>\n<p class=\"story-body-text\" data-para-word-count=\"6\">Vers un partenariat \u00e9conomique et innovant<\/p>\n<p class=\"story-body-text\" data-para-word-count=\"64\">Le pr\u00e9sident de la R\u00e9publique a annonc\u00e9 que le sommet de Nairobi, pr\u00e9vu en mai prochain, constituera un moment cl\u00e9 pour incarner ce partenariat renouvel\u00e9, avec un accent particulier sur l\u2019\u00e9conomie, l\u2019innovation et la coop\u00e9ration europ\u00e9enne.<br \/>Il a \u00e9galement regrett\u00e9 le d\u00e9sengagement \u00e9conomique de certaines entreprises fran\u00e7aises en Afrique et appel\u00e9 \u00e0 soutenir les PME et start-ups d\u00e9sireuses de s\u2019y investir de mani\u00e8re durable.<\/p>\n<p class=\"story-body-text\" data-para-word-count=\"61\">\u00ab Sur l\u2019Afrique, allons au bout de la logique, montrons l\u2019efficacit\u00e9, consolidons nos partenariats \u00bb, a d\u00e9clar\u00e9 Emmanuel Macron, soulignant l\u2019importance de relations \u00e9quilibr\u00e9es avec des pays cl\u00e9s tels que le Maroc, le Nigeria, l\u2019Afrique du Sud ou le Kenya. La France continuera \u00e9galement \u00e0 suivre de pr\u00e8s les grandes crises r\u00e9gionales, notamment au Soudan et dans la Corne de l\u2019Afrique.<\/p>\n<p class=\"story-body-text\" data-para-word-count=\"49\">Reconnaissant certaines incoh\u00e9rences, le chef de l\u2019\u00c9tat a admis : \u00ab Nous faisons m\u00e9thodiquement l\u2019exact contraire de ce que nous devrions faire \u00e9conomiquement. \u00bb Il a ainsi appel\u00e9 \u00e0 mobiliser des entreprises fran\u00e7aises ambitieuses, capables de travailler en Afrique dans un esprit de respect, d\u2019efficacit\u00e9 et de partenariat durable.<\/p>\n<p class=\"story-body-text\" data-para-word-count=\"5\">Une vision claire pour l\u2019avenir<\/p>\n<p class=\"story-body-text\" data-para-word-count=\"63\">Pour Emmanuel Macron, le partenariat franco-africain repose d\u00e9sormais sur trois piliers : les int\u00e9r\u00eats, les partenariats et l\u2019influence. La France doit d\u00e9montrer l\u2019efficacit\u00e9 de son engagement et d\u00e9fendre sa vision dans un contexte marqu\u00e9 par une v\u00e9ritable bataille des r\u00e9cits.<br \/>Il a insist\u00e9 sur la n\u00e9cessit\u00e9 de renforcer les instruments de cette influence, tout en s\u2019appuyant sur une diplomatie r\u00e9nov\u00e9e, coh\u00e9rente et lisible.<\/p>\n<p class=\"story-body-text\" data-para-word-count=\"48\">En conclusion, le pr\u00e9sident a rappel\u00e9 que l\u2019Afrique est aujourd\u2019hui au c\u0153ur d\u2019enjeux g\u00e9opolitiques majeurs et d\u2019une confrontation de narratifs. La France entend y d\u00e9fendre une vision fond\u00e9e sur le respect, la constance et la fiabilit\u00e9, rejetant \u00e0 la fois toute logique n\u00e9ocoloniale et toute forme de vassalisation.<\/p>\n","protected":false},"excerpt":{"rendered":"Lors de la 30\u1d49 \u00e9dition de la Conf\u00e9rence des ambassadeurs de France, tenue \u00e0 Paris le 8 janvier&hellip;\n","protected":false},"author":2,"featured_media":11475,"comment_status":"","ping_status":"","sticky":false,"template":"","format":"standard","meta":{"footnotes":""},"categories":[62],"tags":[63,64,83,265,262,7801,649,268,96,261,264,263,266],"class_list":{"0":"post-11474","1":"post","2":"type-post","3":"status-publish","4":"format-standard","5":"has-post-thumbnail","7":"category-afrique","8":"tag-africa","9":"tag-afrique","10":"tag-business","11":"tag-current-events","12":"tag-economy","13":"tag-europe-and-africa","14":"tag-external-relations","15":"tag-governance","16":"tag-news","17":"tag-politics","18":"tag-sports","19":"tag-trade","20":"tag-travel"},"share_on_mastodon":{"url":"","error":""},"_links":{"self":[{"href":"https:\/\/www.europesays.com\/africa\/wp-json\/wp\/v2\/posts\/11474","targetHints":{"allow":["GET"]}}],"collection":[{"href":"https:\/\/www.europesays.com\/africa\/wp-json\/wp\/v2\/posts"}],"about":[{"href":"https:\/\/www.europesays.com\/africa\/wp-json\/wp\/v2\/types\/post"}],"author":[{"embeddable":true,"href":"https:\/\/www.europesays.com\/africa\/wp-json\/wp\/v2\/users\/2"}],"replies":[{"embeddable":true,"href":"https:\/\/www.europesays.com\/africa\/wp-json\/wp\/v2\/comments?post=11474"}],"version-history":[{"count":0,"href":"https:\/\/www.europesays.com\/africa\/wp-json\/wp\/v2\/posts\/11474\/revisions"}],"wp:featuredmedia":[{"embeddable":true,"href":"https:\/\/www.europesays.com\/africa\/wp-json\/wp\/v2\/media\/11475"}],"wp:attachment":[{"href":"https:\/\/www.europesays.com\/africa\/wp-json\/wp\/v2\/media?parent=11474"}],"wp:term":[{"taxonomy":"category","embeddable":true,"href":"https:\/\/www.europesays.com\/africa\/wp-json\/wp\/v2\/categories?post=11474"},{"taxonomy":"post_tag","embeddable":true,"href":"https:\/\/www.europesays.com\/africa\/wp-json\/wp\/v2\/tags?post=11474"}],"curies":[{"name":"wp","href":"https:\/\/api.w.org\/{rel}","templated":true}]}}