{"id":11610,"date":"2026-01-08T17:11:08","date_gmt":"2026-01-08T17:11:08","guid":{"rendered":"https:\/\/www.europesays.com\/africa\/11610\/"},"modified":"2026-01-08T17:11:08","modified_gmt":"2026-01-08T17:11:08","slug":"le-taux-de-remplissage-des-barrages-atteint-4526-avec-un-stock-de-758-milliards-de-m%c2%b3","status":"publish","type":"post","link":"https:\/\/www.europesays.com\/africa\/11610\/","title":{"rendered":"Le taux de remplissage des barrages atteint 45,26 %, avec un stock de 7,58 milliards de m\u00b3"},"content":{"rendered":"<p>S\u2019exprimant lors d\u2019un point de presse \u00e0 l\u2019issue du Conseil de gouvernement, le responsable a soulign\u00e9 que ce niveau de remplissage n\u2019avait plus \u00e9t\u00e9 enregistr\u00e9 depuis le 17 juillet 2021, traduisant une am\u00e9lioration visible de la situation hydrique du pays. <br \/>\u00a0 <br \/>Concernant les apports hydriques cumul\u00e9s dans les barrages, Baitas a pr\u00e9cis\u00e9 qu\u2019ils ont atteint environ 3,427 milliards de m\u00e8tres cubes entre le 1er septembre 2025 et le 8 janvier 2026. \u00c0 eux seuls, les apports enregistr\u00e9s entre le 12 d\u00e9cembre 2025 et le 8 janvier 2026 repr\u00e9sentent pr\u00e8s de 3,006 milliards de m\u00e8tres cubes, soit environ 88 % du total de la p\u00e9riode. <br \/>\u00a0 <br \/>Le ministre a par ailleurs indiqu\u00e9 que plusieurs barrages proc\u00e8dent actuellement \u00e0 l\u2019\u00e9vacuation de leurs exc\u00e9dents, notamment dans le bassin du Sebou. Plus de 32 petits barrages affichent d\u00e9sormais un taux de remplissage sup\u00e9rieur \u00e0 100 %, tandis que certains grands ouvrages hydrauliques ont \u00e9galement enregistr\u00e9 des niveaux jug\u00e9s \u00e9lev\u00e9s. <br \/>\u00a0 <br \/>Sur le plan climatique, les pr\u00e9cipitations enregistr\u00e9es entre le 1er septembre 2025 et le 8 janvier 2026 ont atteint 108 millim\u00e8tres, soit un exc\u00e9dent de 94,4 % par rapport \u00e0 la m\u00eame p\u00e9riode de l\u2019ann\u00e9e pr\u00e9c\u00e9dente, et une hausse de 21 % comparativement \u00e0 la moyenne saisonni\u00e8re. <br \/>\u00a0 <br \/>S\u2019agissant des chutes de neige, le porte-parole du gouvernement a fait \u00e9tat d\u2019importantes pr\u00e9cipitations neigeuses dans plusieurs r\u00e9gions du Royaume, couvrant une superficie maximale d\u00e9passant 55.400 kilom\u00e8tres carr\u00e9s, un niveau in\u00e9dit ces derni\u00e8res ann\u00e9es. L\u2019\u00e9paisseur du manteau neigeux a, dans certaines zones montagneuses situ\u00e9es \u00e0 plus de 2.500 m\u00e8tres d\u2019altitude, d\u00e9pass\u00e9 les deux m\u00e8tres.<\/p>\n","protected":false},"excerpt":{"rendered":"S\u2019exprimant lors d\u2019un point de presse \u00e0 l\u2019issue du Conseil de gouvernement, le responsable a soulign\u00e9 que ce&hellip;\n","protected":false},"author":2,"featured_media":11611,"comment_status":"","ping_status":"","sticky":false,"template":"","format":"standard","meta":{"footnotes":""},"categories":[41],"tags":[554,553,555,556,563,565,560,567,561,557,162,566,564,558,559,158,562,248,239,310,568],"class_list":{"0":"post-11610","1":"post","2":"type-post","3":"status-publish","4":"format-standard","5":"has-post-thumbnail","7":"category-maroc","8":"tag-actualites","9":"tag-actualites-et-infos-au-maroc","10":"tag-actualites-et-infos-mondiale","11":"tag-actualites-marocaines-du-jour","12":"tag-alimentation","13":"tag-analyses","14":"tag-art-de-vivre","15":"tag-chronique","16":"tag-consommation-et-bien-etre","17":"tag-culture","18":"tag-economie","19":"tag-edito","20":"tag-etudes","21":"tag-insolite","22":"tag-loisirs","23":"tag-maroc","24":"tag-mode","25":"tag-politique","26":"tag-societe","27":"tag-sport","28":"tag-tribune"},"share_on_mastodon":{"url":"","error":""},"_links":{"self":[{"href":"https:\/\/www.europesays.com\/africa\/wp-json\/wp\/v2\/posts\/11610","targetHints":{"allow":["GET"]}}],"collection":[{"href":"https:\/\/www.europesays.com\/africa\/wp-json\/wp\/v2\/posts"}],"about":[{"href":"https:\/\/www.europesays.com\/africa\/wp-json\/wp\/v2\/types\/post"}],"author":[{"embeddable":true,"href":"https:\/\/www.europesays.com\/africa\/wp-json\/wp\/v2\/users\/2"}],"replies":[{"embeddable":true,"href":"https:\/\/www.europesays.com\/africa\/wp-json\/wp\/v2\/comments?post=11610"}],"version-history":[{"count":0,"href":"https:\/\/www.europesays.com\/africa\/wp-json\/wp\/v2\/posts\/11610\/revisions"}],"wp:featuredmedia":[{"embeddable":true,"href":"https:\/\/www.europesays.com\/africa\/wp-json\/wp\/v2\/media\/11611"}],"wp:attachment":[{"href":"https:\/\/www.europesays.com\/africa\/wp-json\/wp\/v2\/media?parent=11610"}],"wp:term":[{"taxonomy":"category","embeddable":true,"href":"https:\/\/www.europesays.com\/africa\/wp-json\/wp\/v2\/categories?post=11610"},{"taxonomy":"post_tag","embeddable":true,"href":"https:\/\/www.europesays.com\/africa\/wp-json\/wp\/v2\/tags?post=11610"}],"curies":[{"name":"wp","href":"https:\/\/api.w.org\/{rel}","templated":true}]}}