{"id":11624,"date":"2026-01-08T17:22:08","date_gmt":"2026-01-08T17:22:08","guid":{"rendered":"https:\/\/www.europesays.com\/africa\/11624\/"},"modified":"2026-01-08T17:22:08","modified_gmt":"2026-01-08T17:22:08","slug":"les-quarts-de-finale-de-la-coupe-dafrique-des-nations-totalenergies-maroc-2025-ca-commence-ce-soir-sur-bein-sports","status":"publish","type":"post","link":"https:\/\/www.europesays.com\/africa\/11624\/","title":{"rendered":"Les quarts de finale de la Coupe d\u2019Afrique des Nations TotalEnergies, Maroc 2025, \u00e7a commence ce soir sur beIN SPORTS !"},"content":{"rendered":"<p>Apr\u00e8s une phase de groupes disput\u00e9e et des huiti\u00e8mes de finale riches en enseignements, la Coupe d\u2019Afrique des nations 2025 aborde le week-end de ses quarts de finale, avec quatre afiches de haut niveau r\u00e9parties dans plusieurs villes du Maroc. Huit nations prestigieuses sont encore en lice, toutes anim\u00e9es par l\u2019ambition de d\u00e9crocher une place dans le dernier carr\u00e9 de cette 35e \u00e9dition.<\/p>\n<p>Mali &#8211; S\u00e9n\u00e9gal<\/p>\n<p>Le programme s\u2019ouvrira le vendredi 9 janvier \u00e0 Tanger, o\u00f9 le Mali afrontera le S\u00e9n\u00e9gal \u00e0 17 heures. Solides et disciplin\u00e9s, les Aigles maliens tenteront de bousculer les Lions de la Teranga, champions d\u2019Afrique en 2022, port\u00e9s par leur puissance collective et leur exp\u00e9rience des grands rendez-vous.<\/p>\n<p>Cameroun &#8211; Maroc<\/p>\n<p>En soir\u00e9e, le stade de Rabat accueillera un choc tr\u00e8s attendu entre le Cameroun et le Maroc (20 heures). Face \u00e0 un public acquis \u00e0 leur cause, les Lions de l\u2019Atlas devront se m\u00e9fier des Lions indomptables, quintuple vainqueurs de la comp\u00e9tition et toujours redoutables dans les matchs \u00e0 \u00e9limination directe.<\/p>\n<p>Alg\u00e9rie &#8211; Nigeria<\/p>\n<p>Le lendemain, samedi 10 janvier, l\u2019Alg\u00e9rie et le Nigeria croiseront le fer \u00e0 Marrakech \u00e0 17 heures. En qu\u00eate de rachat apr\u00e8s des campagnes r\u00e9centes d\u00e9cevantes, les Fennecs d\u00e9fieront des Super Eagles ambitieux, d\u00e9termin\u00e9s \u00e0 renouer avec les sommets continentaux.<\/p>\n<p>\u00c9gypte &#8211; C\u00f4te d&#8217;Ivoire<\/p>\n<p>Enfin, l\u2019\u00c9gypte et la C\u00f4te d\u2019Ivoire concluront ce week-end d\u00e9cisif \u00e0 Agadir, \u00e0 20 heures, dans une afiche opposant le pays le plus titr\u00e9 de l\u2019histoire de la CAN au tenant du titre. Un duel de g\u00e9ants qui promet intensit\u00e9 et tension jusqu\u2019au coup de siflet final.<\/p>\n<p>\u00c0 ce stade de la comp\u00e9tition, la moindre erreur peut \u00eatre fatale, et chaque nation sait qu\u2019un pas de plus vers le troph\u00e9e se joue d\u00e9sormais en 90 minutes. Le week-end des quarts de finale promet des moments forts de cette CAN 2025, en attendant les demi-finales, le mercredi 14 janvier, et la finale, dimanche 18 janvier ! Ce grand spectacle footballistique est \u00e0 suivre sur beIN SPORTS gr\u00e2ce aux ofres beIN SPORTS CONNECT* ou RAT+ SPORT**.<\/p>\n<p>Pour profiter pleinement de cette p\u00e9riode exceptionnelle <\/p>\n<p>L\u2019offre beIN SPORTS CONNECT*<\/p>\n<p>Vibrez, chaque saison, avec un big match du samedi 17 h de Ligue 1 McDonald\u2019s***, la Coupe de France Cr\u00e9dit Agricole, la Ligue 2 BKT, la LIGA EA SPORTS, la Bundesliga, la Liga Coupe de France Cr\u00e9dit Agricole, la Ligue 2 BKT, la LIGA EA SPORTS, la Bundesliga, la Liga Portugal et la S\u00fcper Lig turque. Sans oublier la NBA, la NFL, la MLB, la NHL, Wimbledon, le circuit WTA, l\u2019Investec Champions Cup, la Challenge Cup, la Liqui Moly Starligue, et bien plus encore !<\/p>\n<p>Tarif : 15 \u20ac par mois avec abonnement mensuel*<\/p>\n<p>Ou<\/p>\n<p>L\u2019offre RAT+ SPORT**<\/p>\n<p>Pour les 18 &#8211; 25 ans, regardez tout le sport de CANAL+, beIN SPORTS, Eurosport&#8230; Au programme \u00e9galement : du cin\u00e9ma ultra-r\u00e9cent, des s\u00e9ries et l&#8217;int\u00e9gralit\u00e9 des contenus Apple TV !<\/p>\n<p>Tarif : 19,99 \u20ac par mois avec abonnement mensuel**<\/p>\n<p>*beIN SPORTS CONNECT : Offre valable en France m\u00e9tropolitaine jusqu\u2019au 12 Janvier 2026 et soumise \u00e0 conditions. Modalit\u00e9s et souscription sur boutique.canalplus.com.<\/p>\n<p>**RAT+ SPORT : Offre avec abonnement mensuel valable en France m\u00e9tropolitaine jusqu\u2019au 12 janvier 2026, soumise \u00e0 conditions et r\u00e9serv\u00e9e aux 18-25 ans. Modalit\u00e9s sur boutique.canalplus.com.<\/p>\n<p>***hors programmation exceptionnelle<\/p>\n<p>****sauf interdiction administrative de diffusion<\/p>\n","protected":false},"excerpt":{"rendered":"Apr\u00e8s une phase de groupes disput\u00e9e et des huiti\u00e8mes de finale riches en enseignements, la Coupe d\u2019Afrique des&hellip;\n","protected":false},"author":2,"featured_media":11625,"comment_status":"","ping_status":"","sticky":false,"template":"","format":"standard","meta":{"footnotes":""},"categories":[62],"tags":[97,64,7880,5164,3661,4630,1822,7881,1823,264],"class_list":{"0":"post-11624","1":"post","2":"type-post","3":"status-publish","4":"format-standard","5":"has-post-thumbnail","7":"category-afrique","8":"tag-97","9":"tag-afrique","10":"tag-coupe","11":"tag-dafrique","12":"tag-des","13":"tag-finale","14":"tag-les","15":"tag-nations","16":"tag-quarts","17":"tag-sports"},"share_on_mastodon":{"url":"","error":""},"_links":{"self":[{"href":"https:\/\/www.europesays.com\/africa\/wp-json\/wp\/v2\/posts\/11624","targetHints":{"allow":["GET"]}}],"collection":[{"href":"https:\/\/www.europesays.com\/africa\/wp-json\/wp\/v2\/posts"}],"about":[{"href":"https:\/\/www.europesays.com\/africa\/wp-json\/wp\/v2\/types\/post"}],"author":[{"embeddable":true,"href":"https:\/\/www.europesays.com\/africa\/wp-json\/wp\/v2\/users\/2"}],"replies":[{"embeddable":true,"href":"https:\/\/www.europesays.com\/africa\/wp-json\/wp\/v2\/comments?post=11624"}],"version-history":[{"count":0,"href":"https:\/\/www.europesays.com\/africa\/wp-json\/wp\/v2\/posts\/11624\/revisions"}],"wp:featuredmedia":[{"embeddable":true,"href":"https:\/\/www.europesays.com\/africa\/wp-json\/wp\/v2\/media\/11625"}],"wp:attachment":[{"href":"https:\/\/www.europesays.com\/africa\/wp-json\/wp\/v2\/media?parent=11624"}],"wp:term":[{"taxonomy":"category","embeddable":true,"href":"https:\/\/www.europesays.com\/africa\/wp-json\/wp\/v2\/categories?post=11624"},{"taxonomy":"post_tag","embeddable":true,"href":"https:\/\/www.europesays.com\/africa\/wp-json\/wp\/v2\/tags?post=11624"}],"curies":[{"name":"wp","href":"https:\/\/api.w.org\/{rel}","templated":true}]}}