{"id":11630,"date":"2026-01-08T17:25:12","date_gmt":"2026-01-08T17:25:12","guid":{"rendered":"https:\/\/www.europesays.com\/africa\/11630\/"},"modified":"2026-01-08T17:25:12","modified_gmt":"2026-01-08T17:25:12","slug":"mamadou-sarr-affiche-la-determination-des-lions-avant-le-choc","status":"publish","type":"post","link":"https:\/\/www.europesays.com\/africa\/11630\/","title":{"rendered":"Mamadou Sarr affiche la d\u00e9termination des Lions avant le choc"},"content":{"rendered":"<p class=\"firstp\">\u00c0 quelques heures du quart de finale tr\u00e8s attendu entre le S\u00e9n\u00e9gal et le Mali, Mamadou Sarr s\u2019est exprim\u00e9 en marge de la s\u00e9ance d\u2019entra\u00eenement des Lions. Le d\u00e9fenseur du RC Strasbourg a partag\u00e9 sa fiert\u00e9 d\u2019appartenir au groupe et son \u00e9tat d\u2019esprit avant ce duel ouest-africain pr\u00e9vu demain \u00e0 16h00 au Grand Stade de Tanger.<\/p>\n<p>\u00ab Je suis tr\u00e8s, tr\u00e8s content de faire partie de ce groupe. C\u2019est une magnifique exp\u00e9rience et j\u2019esp\u00e8re qu\u2019il y en aura beaucoup d\u2019autres \u00e0 l\u2019avenir \u00bb, a confi\u00e9 le jeune international, visiblement \u00e9panoui au sein de la tani\u00e8re.\n<\/p>\n<p>Interrog\u00e9 sur l\u2019adversaire malien, <a href=\"https:\/\/www.senenews.com\/actualites\/derniere-minute-can-2025-blesse-avec-strasbourg-le-verdict-tombe-pour-mamadou-sarr_569511.html\" rel=\"nofollow noopener\" target=\"_blank\">Mamadou Sarr<\/a> s\u2019attend \u00e0 une rencontre intense malgr\u00e9 les liens fraternels entre les deux pays. \u00ab Le Mali, ce sont nos fr\u00e8res. Mais demain, il n\u2019y aura pas de fr\u00e8res. Le principal objectif, ce sera de se qualifier \u00bb, a-t-il lanc\u00e9 avec d\u00e9termination.<\/p>\n","protected":false},"excerpt":{"rendered":"\u00c0 quelques heures du quart de finale tr\u00e8s attendu entre le S\u00e9n\u00e9gal et le Mali, Mamadou Sarr s\u2019est&hellip;\n","protected":false},"author":2,"featured_media":11631,"comment_status":"","ping_status":"","sticky":false,"template":"","format":"standard","meta":{"footnotes":""},"categories":[48],"tags":[311,7889,159,163],"class_list":{"0":"post-11630","1":"post","2":"type-post","3":"status-publish","4":"format-standard","5":"has-post-thumbnail","7":"category-senegal","8":"tag-football","9":"tag-mamadou-sarr","10":"tag-senegal","11":"tag-senegal-actualites"},"share_on_mastodon":{"url":"","error":""},"_links":{"self":[{"href":"https:\/\/www.europesays.com\/africa\/wp-json\/wp\/v2\/posts\/11630","targetHints":{"allow":["GET"]}}],"collection":[{"href":"https:\/\/www.europesays.com\/africa\/wp-json\/wp\/v2\/posts"}],"about":[{"href":"https:\/\/www.europesays.com\/africa\/wp-json\/wp\/v2\/types\/post"}],"author":[{"embeddable":true,"href":"https:\/\/www.europesays.com\/africa\/wp-json\/wp\/v2\/users\/2"}],"replies":[{"embeddable":true,"href":"https:\/\/www.europesays.com\/africa\/wp-json\/wp\/v2\/comments?post=11630"}],"version-history":[{"count":0,"href":"https:\/\/www.europesays.com\/africa\/wp-json\/wp\/v2\/posts\/11630\/revisions"}],"wp:featuredmedia":[{"embeddable":true,"href":"https:\/\/www.europesays.com\/africa\/wp-json\/wp\/v2\/media\/11631"}],"wp:attachment":[{"href":"https:\/\/www.europesays.com\/africa\/wp-json\/wp\/v2\/media?parent=11630"}],"wp:term":[{"taxonomy":"category","embeddable":true,"href":"https:\/\/www.europesays.com\/africa\/wp-json\/wp\/v2\/categories?post=11630"},{"taxonomy":"post_tag","embeddable":true,"href":"https:\/\/www.europesays.com\/africa\/wp-json\/wp\/v2\/tags?post=11630"}],"curies":[{"name":"wp","href":"https:\/\/api.w.org\/{rel}","templated":true}]}}