{"id":11632,"date":"2026-01-08T17:26:11","date_gmt":"2026-01-08T17:26:11","guid":{"rendered":"https:\/\/www.europesays.com\/africa\/11632\/"},"modified":"2026-01-08T17:26:11","modified_gmt":"2026-01-08T17:26:11","slug":"maroc-la-sortie-piquante-de-kofane-sur-le-public-marocain","status":"publish","type":"post","link":"https:\/\/www.europesays.com\/africa\/11632\/","title":{"rendered":"Maroc : la sortie piquante de Kofane sur le public marocain"},"content":{"rendered":"<p>\u00c0 la veille du tr\u00e8s attendu quart de finale Cameroun \u2013 Maroc de la <a href=\"https:\/\/www.onzemondial.com\/selections\/can.html\" rel=\"nofollow noopener\" target=\"_blank\">CAN 2025<\/a>, pr\u00e9vu ce vendredi, une prise de parole attire particuli\u00e8rement l\u2019attention : celle du jeune attaquant camerounais Christian Kofane. Alors que l\u2019ambiance s\u2019annonce \u00e9lectrique dans un stade marocain enti\u00e8rement acquis \u00e0 la cause des Lions de l\u2019Atlas, le joueur a tenu \u00e0 d\u00e9samorcer toute id\u00e9e de pression.<\/p>\n<p>Interrog\u00e9 sur le caract\u00e8re hostile du public local, le buteur du Bayer Leverkusen a r\u00e9pondu sans d\u00e9tour, avec une assurance presque provocatrice. \u00ab Il y a des clubs comme Dortmund qui ont encore plus de supporters. Donc, aucune pression. Nous, on travaille et on appliquera ce qu\u2019on a pr\u00e9par\u00e9 toute la semaine. \u00bb<\/p>\n<p>A lire aussi :Regragui compte bien \u00e9viter les tirs au but<\/p>\n<p>Une petite pique envers la ferveur marocaine qui traduit l\u2019\u00e9tat d\u2019esprit serein et d\u00e9complex\u00e9 d\u2019un Cameroun d\u00e9termin\u00e9 \u00e0 jouer son jeu, quelles que soient les conditions.<\/p>\n<p>En face, le s\u00e9lectionneur marocain Walid Regragui s&#8217;est lui pench\u00e9 sur le sc\u00e9nario du match. Soucieux d\u2019\u00e9viter un match \u00e0 rallonge, il affirme. \u00ab Nous ne chercherons pas \u00e0 attendre une d\u00e9cision apr\u00e8s 120 minutes. Notre objectif est de r\u00e9soudre la rencontre dans le temps r\u00e9glementaire. \u00bb Tout en saluant \u00ab la coh\u00e9sion et l\u2019organisation exemplaires \u00bb du Cameroun, il compte bien s\u2019appuyer sur l\u2019\u00e9nergie du public pour faire la diff\u00e9rence.<\/p>\n<p>   Partagez cette info avec vos amis et vos proches en cliquant ici<br \/> Pour r\u00e9sumer<\/p>\n<p>Le Camerounais Christian Kofane a lanc\u00e9 une pique au public marocain avant Maroc\u2013Cameroun, affirmant : \u00ab Dortmund a encore plus de supporters. Donc, aucune pression. \u00bb Serein malgr\u00e9 l\u2019hostilit\u00e9 annonc\u00e9e, il assure que l&#8217;\u00e9quipe appliquera son plan, tandis que Regragui veut plier le match en 90 minutes.<\/p>\n<p>R\u00e9dacteur<\/p>\n<p><img decoding=\"async\" width=\"76\" height=\"76\" loading=\"lazy\" src=\"https:\/\/www.europesays.com\/africa\/wp-content\/uploads\/2026\/01\/logo-julien-pedebos.jpg\" alt=\"Julien P\u00e9debos\"\/><\/p>\n","protected":false},"excerpt":{"rendered":"\u00c0 la veille du tr\u00e8s attendu quart de finale Cameroun \u2013 Maroc de la CAN 2025, pr\u00e9vu ce&hellip;\n","protected":false},"author":2,"featured_media":11633,"comment_status":"","ping_status":"","sticky":false,"template":"","format":"standard","meta":{"footnotes":""},"categories":[41],"tags":[360,158],"class_list":{"0":"post-11632","1":"post","2":"type-post","3":"status-publish","4":"format-standard","5":"has-post-thumbnail","7":"category-maroc","8":"tag-can","9":"tag-maroc"},"share_on_mastodon":{"url":"","error":""},"_links":{"self":[{"href":"https:\/\/www.europesays.com\/africa\/wp-json\/wp\/v2\/posts\/11632","targetHints":{"allow":["GET"]}}],"collection":[{"href":"https:\/\/www.europesays.com\/africa\/wp-json\/wp\/v2\/posts"}],"about":[{"href":"https:\/\/www.europesays.com\/africa\/wp-json\/wp\/v2\/types\/post"}],"author":[{"embeddable":true,"href":"https:\/\/www.europesays.com\/africa\/wp-json\/wp\/v2\/users\/2"}],"replies":[{"embeddable":true,"href":"https:\/\/www.europesays.com\/africa\/wp-json\/wp\/v2\/comments?post=11632"}],"version-history":[{"count":0,"href":"https:\/\/www.europesays.com\/africa\/wp-json\/wp\/v2\/posts\/11632\/revisions"}],"wp:featuredmedia":[{"embeddable":true,"href":"https:\/\/www.europesays.com\/africa\/wp-json\/wp\/v2\/media\/11633"}],"wp:attachment":[{"href":"https:\/\/www.europesays.com\/africa\/wp-json\/wp\/v2\/media?parent=11632"}],"wp:term":[{"taxonomy":"category","embeddable":true,"href":"https:\/\/www.europesays.com\/africa\/wp-json\/wp\/v2\/categories?post=11632"},{"taxonomy":"post_tag","embeddable":true,"href":"https:\/\/www.europesays.com\/africa\/wp-json\/wp\/v2\/tags?post=11632"}],"curies":[{"name":"wp","href":"https:\/\/api.w.org\/{rel}","templated":true}]}}