{"id":11645,"date":"2026-01-08T17:35:08","date_gmt":"2026-01-08T17:35:08","guid":{"rendered":"https:\/\/www.europesays.com\/africa\/11645\/"},"modified":"2026-01-08T17:35:08","modified_gmt":"2026-01-08T17:35:08","slug":"ethiopia-and-oman-launch-first-political-consultation-with-mou","status":"publish","type":"post","link":"https:\/\/www.europesays.com\/africa\/11645\/","title":{"rendered":"Ethiopia and Oman Launch First Political Consultation With MoU"},"content":{"rendered":"<p>\t  \t&#13;<br \/>\nEthiopia and Oman signed a memorandum of understanding on January 5, 2026, during their first-ever political consultation in Addis Ababa.&#13;<br \/>\nThe two countries agreed to expand cooperation in trade, investment, finance, security, and multilateral affairs.&#13;<br \/>\nOman signaled growing interest in Africa as it expands partnerships following recent agreements with Morocco and Algeria.&#13;<\/p>\n<p class=\"textearticle\" style=\"text-align: justify;\">Ethiopia and the Sultanate of Oman signed a memorandum of understanding on Monday, January 5, 2026, to deepen bilateral relations. The two sides concluded the agreement during their first political consultation, held in Addis Ababa.<\/p>\n<p class=\"textearticle\" style=\"text-align: justify;\">The consultation focused on strengthening political and socio-economic cooperation. The discussions reviewed bilateral relations and explored expanded collaboration in trade, investment, regional security, and multilateral affairs.<\/p>\n<p>&#13;<\/p>\n<p dir=\"ltr\" lang=\"fr\">Le sous-secr\u00e9taire du minist\u00e8re des Affaires \u00e9trang\u00e8res du Sultanat d\u2019Oman, Cheikh Khalifa bin Ali Al Harthy, est arriv\u00e9 \u00e0 Addis-Abeba pour une visite officielle. <a href=\"https:\/\/t.co\/TPxmeMlwZQ\" rel=\"nofollow\">pic.twitter.com\/TPxmeMlwZQ<\/a><\/p>\n<p>&#13;<br \/>\n\u2014 Minist\u00e8re des Affaires \u00e9trang\u00e8res de l&#8217;\u00c9thiopie (@MFAEthiopiaFR) <a href=\"https:\/\/twitter.com\/MFAEthiopiaFR\/status\/2007825592495026367?ref_src=twsrc%5Etfw\" rel=\"nofollow noopener\" target=\"_blank\">January 4, 2026<\/a><\/p>\n<p class=\"textearticle\" style=\"text-align: justify;\">Both sides also highlighted opportunities to increase investment flows, promote tourism, deepen people-to-people exchanges, and raise the number of official and business visits.<\/p>\n<p class=\"textearticle\" style=\"text-align: justify;\">Ethiopian Foreign Minister Hadera Abera Admassu highlighted the economic reforms underway in Ethiopia and the investment opportunities they create. He called for stronger Omani engagement in agriculture, energy, manufacturing, and agro-industry, while urging enhanced trade promotion and closer cooperation between private-sector actors.<\/p>\n<p class=\"textearticle\" style=\"text-align: justify;\">Oman\u2019s Undersecretary at the Ministry of Foreign Affairs, Sheikh Khalifa bin Ali Al Harthy, expressed Oman\u2019s interest in expanding cooperation in banking and finance, pharmaceuticals, education, culture, legal migration, tourism, and heritage management.<\/p>\n<p class=\"textearticle\" style=\"text-align: justify;\">The talks also addressed regional peace and security, with both countries exchanging views on developments in the Horn of Africa and the Gulf region.<\/p>\n<p class=\"textearticle\" style=\"text-align: justify;\">The agreement builds on intensified bilateral discussions in recent years. Ethiopia and Oman established diplomatic relations in 1995, although ties remained limited until the opening of embassies in 2017.<\/p>\n<p class=\"textearticle\" style=\"text-align: justify;\">The MoU marks a significant step in consolidating relations as Oman continues to expand its partnerships across Africa.<\/p>\n<p class=\"textearticle\" style=\"text-align: justify;\">In April 2025, Oman signed several agreements with Morocco. In May, it also concluded a memorandum of understanding with Algeria to establish a joint investment fund.<\/p>\n<p class=\"textearticle\" style=\"text-align: justify;\">This article was initially published in French by Ingrid Haffiny (intern)<\/p>\n<p class=\"textearticle\" style=\"text-align: justify;\">Adapted in English by Ange Jason Quenum<\/p>\n<p class=\"textearticle\" style=\"text-align: justify;\">\u00a0<\/p>\n<p>\t  <script async src=\"https:\/\/platform.twitter.com\/widgets.js\" charset=\"utf-8\"><\/script><\/p>\n","protected":false},"excerpt":{"rendered":"&#13; Ethiopia and Oman signed a memorandum of understanding on January 5, 2026, during their first-ever political consultation&hellip;\n","protected":false},"author":2,"featured_media":11646,"comment_status":"","ping_status":"","sticky":false,"template":"","format":"standard","meta":{"footnotes":""},"categories":[25],"tags":[7896,3237,65,1424,7893,7894,461,263,7895],"class_list":{"0":"post-11645","1":"post","2":"type-post","3":"status-publish","4":"format-standard","5":"has-post-thumbnail","7":"category-ethiopia","8":"tag-affairs","9":"tag-cooperation","10":"tag-ethiopia","11":"tag-investment","12":"tag-oman","13":"tag-relations","14":"tag-the","15":"tag-trade","16":"tag-understanding"},"share_on_mastodon":{"url":"","error":""},"_links":{"self":[{"href":"https:\/\/www.europesays.com\/africa\/wp-json\/wp\/v2\/posts\/11645","targetHints":{"allow":["GET"]}}],"collection":[{"href":"https:\/\/www.europesays.com\/africa\/wp-json\/wp\/v2\/posts"}],"about":[{"href":"https:\/\/www.europesays.com\/africa\/wp-json\/wp\/v2\/types\/post"}],"author":[{"embeddable":true,"href":"https:\/\/www.europesays.com\/africa\/wp-json\/wp\/v2\/users\/2"}],"replies":[{"embeddable":true,"href":"https:\/\/www.europesays.com\/africa\/wp-json\/wp\/v2\/comments?post=11645"}],"version-history":[{"count":0,"href":"https:\/\/www.europesays.com\/africa\/wp-json\/wp\/v2\/posts\/11645\/revisions"}],"wp:featuredmedia":[{"embeddable":true,"href":"https:\/\/www.europesays.com\/africa\/wp-json\/wp\/v2\/media\/11646"}],"wp:attachment":[{"href":"https:\/\/www.europesays.com\/africa\/wp-json\/wp\/v2\/media?parent=11645"}],"wp:term":[{"taxonomy":"category","embeddable":true,"href":"https:\/\/www.europesays.com\/africa\/wp-json\/wp\/v2\/categories?post=11645"},{"taxonomy":"post_tag","embeddable":true,"href":"https:\/\/www.europesays.com\/africa\/wp-json\/wp\/v2\/tags?post=11645"}],"curies":[{"name":"wp","href":"https:\/\/api.w.org\/{rel}","templated":true}]}}