{"id":11749,"date":"2026-01-08T18:40:06","date_gmt":"2026-01-08T18:40:06","guid":{"rendered":"https:\/\/www.europesays.com\/africa\/11749\/"},"modified":"2026-01-08T18:40:06","modified_gmt":"2026-01-08T18:40:06","slug":"ousmane-sonko-maintient-sa-ligne-et-interpelle-encore-le-fmi","status":"publish","type":"post","link":"https:\/\/www.europesays.com\/africa\/11749\/","title":{"rendered":"Ousmane Sonko maintient sa ligne et interpelle encore le FMI"},"content":{"rendered":"<p class=\"firstp\">Le Premier ministre Ousmane Sonko s\u2019est exprim\u00e9 sur la situation financi\u00e8re du S\u00e9n\u00e9gal lors d\u2019une conf\u00e9rence de presse conjointe tenue \u00e0 Dakar avec son homologue mauritanien, El Moctar Ould Djay, en visite de travail dans la capitale s\u00e9n\u00e9galaise.<\/p>\n<p>Interpell\u00e9 par une journaliste de RFI sur l\u2019\u00e9tat des finances publiques, le chef du gouvernement a \u00e9voqu\u00e9 l\u2019existence d\u2019une dette dissimul\u00e9e h\u00e9rit\u00e9e de l\u2019ancien r\u00e9gime. Selon lui, cette situation est d\u00e9sormais reconnue par l\u2019ensemble des institutions nationales ainsi que par les partenaires internationaux du S\u00e9n\u00e9gal, ajoutant que toutes les cons\u00e9quences juridiques qui en d\u00e9coulent seront assum\u00e9es, selon Seneweb.\n<\/p>\n<p>Ousmane Sonko a dress\u00e9 un constat qu\u2019il a qualifi\u00e9 de pr\u00e9occupant, faisant \u00e9tat d\u2019un niveau d\u2019endettement atteignant 119 % du produit int\u00e9rieur brut, avec un d\u00e9ficit budg\u00e9taire estim\u00e9 \u00e0 pr\u00e8s de 13 %. Des indicateurs qu\u2019il consid\u00e8re comme particuli\u00e8rement alarmants pour un pays en d\u00e9veloppement.\n<\/p>\n<p>Malgr\u00e9 ce contexte, le gouvernement s\u00e9n\u00e9galais exclut toute option de restructuration de la dette, une hypoth\u00e8se pourtant \u00e9voqu\u00e9e par certains \u00e9conomistes. Le Premier ministre a affirm\u00e9 que la dette du pays demeure soutenable, soulignant que le S\u00e9n\u00e9gal honore ses engagements financiers depuis environ un an et demi sans recours \u00e0 des financements ext\u00e9rieurs suppl\u00e9mentaires, en s\u2019appuyant notamment sur le march\u00e9 financier r\u00e9gional.\n<\/p>\n<p>Un plan de redressement budg\u00e9taire annonc\u00e9\n<\/p>\n<p>Pour faire face \u00e0 cette situation, le chef du gouvernement a mis en avant un plan de redressement \u00e9conomique et social, adoss\u00e9 \u00e0 une politique de rationalisation des d\u00e9penses publiques. Ces r\u00e9formes auraient d\u00e9j\u00e0 permis de mobiliser pr\u00e8s de 960 milliards de francs CFA suppl\u00e9mentaires dans le cadre du budget 2026, avec des effets plus significatifs attendus \u00e0 partir de 2027. L\u2019objectif affich\u00e9 est de r\u00e9tablir durablement l\u2019\u00e9quilibre des finances publiques tout en pr\u00e9servant la souverainet\u00e9 \u00e9conomique du pays.\n<\/p>\n<p>Ousmane Sonko s\u2019est \u00e9galement montr\u00e9 critique \u00e0 l\u2019\u00e9gard du Fonds mon\u00e9taire international. Il estime que l\u2019institution ne pouvait ignorer les d\u00e9rives financi\u00e8res pass\u00e9es, rappelant qu\u2019elle effectuait r\u00e9guli\u00e8rement des missions de surveillance au S\u00e9n\u00e9gal. Il a soulign\u00e9 que le FMI n\u2019est pas un pr\u00eateur de premier ressort et que son appui est attendu lorsque des efforts substantiels sont engag\u00e9s par un pays, citant notamment le cas de l\u2019\u00c9gypte.\n<\/p>\n<p>La d\u00e9cision de ne pas proc\u00e9der \u00e0 une restructuration de la dette est pr\u00e9sent\u00e9e comme une position officielle partag\u00e9e au plus haut niveau de l\u2019\u00c9tat. Le Premier ministre a pr\u00e9cis\u00e9 que cette ligne est soutenue par le Pr\u00e9sident de la R\u00e9publique, l\u2019ensemble du gouvernement, ainsi que les minist\u00e8res en charge des Finances et de l\u2019\u00c9conomie.<\/p>\n<p>En conclusion, Ousmane Sonko a r\u00e9affirm\u00e9 que la coop\u00e9ration avec les partenaires internationaux doit s\u2019inscrire dans un cadre de discussions \u00e9quilibr\u00e9es, fond\u00e9es sur le partenariat plut\u00f4t que sur la pression. Le S\u00e9n\u00e9gal entend ainsi pr\u00e9server sa cr\u00e9dibilit\u00e9 sur les march\u00e9s financiers tout en assainissant sa trajectoire budg\u00e9taire \u00e0 travers des r\u00e9formes internes.<\/p>\n","protected":false},"excerpt":{"rendered":"Le Premier ministre Ousmane Sonko s\u2019est exprim\u00e9 sur la situation financi\u00e8re du S\u00e9n\u00e9gal lors d\u2019une conf\u00e9rence de presse&hellip;\n","protected":false},"author":2,"featured_media":11750,"comment_status":"","ping_status":"","sticky":false,"template":"","format":"standard","meta":{"footnotes":""},"categories":[48],"tags":[7957,7958,276,248,7959,159,163],"class_list":{"0":"post-11749","1":"post","2":"type-post","3":"status-publish","4":"format-standard","5":"has-post-thumbnail","7":"category-senegal","8":"tag-dette-cachee","9":"tag-fmi","10":"tag-ousmane-sonko","11":"tag-politique","12":"tag-restructuration","13":"tag-senegal","14":"tag-senegal-actualites"},"share_on_mastodon":{"url":"","error":""},"_links":{"self":[{"href":"https:\/\/www.europesays.com\/africa\/wp-json\/wp\/v2\/posts\/11749","targetHints":{"allow":["GET"]}}],"collection":[{"href":"https:\/\/www.europesays.com\/africa\/wp-json\/wp\/v2\/posts"}],"about":[{"href":"https:\/\/www.europesays.com\/africa\/wp-json\/wp\/v2\/types\/post"}],"author":[{"embeddable":true,"href":"https:\/\/www.europesays.com\/africa\/wp-json\/wp\/v2\/users\/2"}],"replies":[{"embeddable":true,"href":"https:\/\/www.europesays.com\/africa\/wp-json\/wp\/v2\/comments?post=11749"}],"version-history":[{"count":0,"href":"https:\/\/www.europesays.com\/africa\/wp-json\/wp\/v2\/posts\/11749\/revisions"}],"wp:featuredmedia":[{"embeddable":true,"href":"https:\/\/www.europesays.com\/africa\/wp-json\/wp\/v2\/media\/11750"}],"wp:attachment":[{"href":"https:\/\/www.europesays.com\/africa\/wp-json\/wp\/v2\/media?parent=11749"}],"wp:term":[{"taxonomy":"category","embeddable":true,"href":"https:\/\/www.europesays.com\/africa\/wp-json\/wp\/v2\/categories?post=11749"},{"taxonomy":"post_tag","embeddable":true,"href":"https:\/\/www.europesays.com\/africa\/wp-json\/wp\/v2\/tags?post=11749"}],"curies":[{"name":"wp","href":"https:\/\/api.w.org\/{rel}","templated":true}]}}