{"id":11909,"date":"2026-01-08T20:31:06","date_gmt":"2026-01-08T20:31:06","guid":{"rendered":"https:\/\/www.europesays.com\/africa\/11909\/"},"modified":"2026-01-08T20:31:06","modified_gmt":"2026-01-08T20:31:06","slug":"le-gouvernement-parie-sur-97-mesures-pour-passer-a-la-vitesse-superieure","status":"publish","type":"post","link":"https:\/\/www.europesays.com\/africa\/11909\/","title":{"rendered":"Le gouvernement parie sur 97 mesures pour passer \u00e0 la vitesse sup\u00e9rieure"},"content":{"rendered":"<p>Apr\u00e8s les assises nationales de la r\u00e9gionalisation avanc\u00e9e, c\u2019est l\u2019heure des actes. Ce jeudi, les d\u00e9partements minist\u00e9riels concern\u00e9s se sont r\u00e9unis avec la pr\u00e9sidente de l&#8217;Association des R\u00e9gions du Maroc, les Walis et les Pr\u00e9sidents des R\u00e9gions\u00a0pour faire le suivi de la mise en \u0153uvre de ce chantier.\u00a0 <\/p>\n<p>A l&#8217;issue de la r\u00e9union, un projet\u00a0feuille de route de 97 m\u00e9canismes proc\u00e9duraux a \u00e9t\u00e9 adopt\u00e9. Celle-ci comprend 35 mesures s&#8217;inscrivant dans le cadre d\u2019un programme prioritaire, r\u00e9partis en quatre axes, \u00e0 savoir le renforcement de l\u2019investissement productif pour soutenir l\u2019emploi, le d\u00e9veloppement des infrastructures et des services de base en milieux urbain et rural, la rationalisation des ressources hydriques, \u00e9nerg\u00e9tiques et environnementales, et la consolidation de la mise \u00e0 niveau territoriale int\u00e9gr\u00e9e, fait savoir\u00a0 un communiqu\u00e9 du minist\u00e8re de l&#8217;Int\u00e9rieur, rappelant que la mise en \u0153uvre de ce projet se fera, \u00e0 court et \u00e0 tr\u00e8s court termes, \u00e0 partir du mois de f\u00e9vrier 2026.\u00a0 <\/p>\n<p>Cette r\u00e9union a \u00e9t\u00e9 l\u2019occasion de faire un bilan d\u2019\u00e9tape de la mise en \u0153uvre du chantier de la r\u00e9gionalisation avanc\u00e9e en passant en revue les diff\u00e9rentes r\u00e9alisations accomplies dans ce cadre, dont l\u2019\u00e9laboration par les 12 R\u00e9gions du Royaume des sch\u00e9mas r\u00e9gionaux d&#8217;am\u00e9nagement territorial et des programmes de d\u00e9veloppement r\u00e9gionaux, ainsi que le transfert des cr\u00e9dits allou\u00e9s aux budgets des r\u00e9gions,\u00a0 <\/p>\n<p>Selon la m\u00eame source, les transferts financiers ont atteint au titre de l&#8217;ann\u00e9e 2025 un record de 100%. <\/p>\n<p>Lors de cette r\u00e9union, il a \u00e9t\u00e9 question aussi d&#8217;\u00e9voquer les principaux d\u00e9fis qui se dressent devant la mise en \u0153uvre optimale de ce chantier, \u00e0 leur t\u00eate l&#8217;activation de la Charte de la d\u00e9concentration administrative et des attributions des r\u00e9gions, ainsi que la question du financement de la r\u00e9gionalisation avanc\u00e9e. <\/p>\n<p>La r\u00e9union a \u00e9t\u00e9 aussi l\u2019occasion de pr\u00e9senter le Projet de feuille de route li\u00e9e au parach\u00e8vement de ce chantier \u00e9labor\u00e9e en ex\u00e9cution des Hautes Orientations Royales contenues dans le Message Royal adress\u00e9 aux participants aux 2e Assises nationales sur la r\u00e9gionalisation avanc\u00e9es, tenues les 20 et 21 d\u00e9cembre 2024 \u00e0 Tanger, et dans lequel SM le Roi Mohammed VI, que Dieu Le pr\u00e9serve, a appel\u00e9 &#8220;\u00e0 tracer une feuille de route claire et consensuelle, qui permet de d\u00e9finir les orientations strat\u00e9giques pour la prochaine \u00e9tape&#8221;. <\/p>\n<p>Cette Feuille de route vise \u00e0 d\u00e9finir les m\u00e9canismes de mise en \u0153uvre des conclusions des Assises Nationales, au premier rang desquelles les Hautes Orientations Royales et les quatre conventions sign\u00e9es en marge de ces Assises, outre les recommandations g\u00e9n\u00e9rales ayant sanctionn\u00e9 ces Assises. <\/p>\n<p>Il a \u00e9t\u00e9 aussi proc\u00e9d\u00e9 \u00e0 l\u2019adaptation des axes strat\u00e9giques de la Feuille de route aux priorit\u00e9s fix\u00e9es par le Discours du Tr\u00f4ne 2025 au sujet de l\u2019adoption d\u2019une nouvelle g\u00e9n\u00e9ration de programmes de d\u00e9veloppement territorial. <\/p>\n<p>Ont pris part \u00e0 cette r\u00e9union le ministre de l&#8217;Int\u00e9rieur, le ministre de l\u2019\u00c9conomie et des Finances, le ministre de l\u2019\u00c9quipement et de l&#8217;Eau, le ministre de l&#8217;\u00c9ducation nationale, du Pr\u00e9scolaire et des Sports, la ministre de l&#8217;Am\u00e9nagement du territoire national, de l&#8217;Urbanisme, de l&#8217;Habitat et de la Politique de la ville, le ministre de l\u2019Inclusion \u00e9conomique, de la Petite entreprise, de l\u2019Emploi et des Comp\u00e9tences, la ministre du Tourisme, de l\u2019Artisanat et de l\u2019\u00c9conomie sociale et solidaire et le ministre de l\u2019Enseignement sup\u00e9rieur, de la Recherche scientifique et de l&#8217;Innovation,\u00a0 <\/p>\n<p>Ont \u00e9galement particip\u00e9 \u00e0 cette r\u00e9union la ministre de la Transition \u00e9nerg\u00e9tique et du D\u00e9veloppement durable, le ministre du Transport et de la Logistique, le ministre de la Jeunesse, de la Culture et de la Communication, la ministre de la Solidarit\u00e9, de l\u2019Insertion sociale, et de la Famille, le ministre d\u00e9l\u00e9gu\u00e9 aupr\u00e8s du Chef du gouvernement, charg\u00e9 de l\u2019Investissement, de la Convergence et de l\u2019\u00c9valuation des Politiques publiques, le ministre d\u00e9l\u00e9gu\u00e9 aupr\u00e8s de la ministre de l\u2019\u00c9conomie et des Finances, charg\u00e9 du Budget, la ministre d\u00e9l\u00e9gu\u00e9e aupr\u00e8s du Chef du gouvernement charg\u00e9e de la Transition num\u00e9rique et de la R\u00e9forme de l\u2019administration et la Secr\u00e9taire d\u2019\u00c9tat aupr\u00e8s du ministre l&#8217;Agriculture, de la P\u00eache Maritime, du D\u00e9veloppement Rural et des Eaux et For\u00eats, charg\u00e9e de la P\u00eache maritime. <br \/>\u00a0<\/p>\n","protected":false},"excerpt":{"rendered":"Apr\u00e8s les assises nationales de la r\u00e9gionalisation avanc\u00e9e, c\u2019est l\u2019heure des actes. Ce jeudi, les d\u00e9partements minist\u00e9riels concern\u00e9s&hellip;\n","protected":false},"author":2,"featured_media":11910,"comment_status":"","ping_status":"","sticky":false,"template":"","format":"standard","meta":{"footnotes":""},"categories":[41],"tags":[554,553,555,556,563,565,560,567,561,557,162,566,564,558,559,158,562,248,239,310,568],"class_list":{"0":"post-11909","1":"post","2":"type-post","3":"status-publish","4":"format-standard","5":"has-post-thumbnail","7":"category-maroc","8":"tag-actualites","9":"tag-actualites-et-infos-au-maroc","10":"tag-actualites-et-infos-mondiale","11":"tag-actualites-marocaines-du-jour","12":"tag-alimentation","13":"tag-analyses","14":"tag-art-de-vivre","15":"tag-chronique","16":"tag-consommation-et-bien-etre","17":"tag-culture","18":"tag-economie","19":"tag-edito","20":"tag-etudes","21":"tag-insolite","22":"tag-loisirs","23":"tag-maroc","24":"tag-mode","25":"tag-politique","26":"tag-societe","27":"tag-sport","28":"tag-tribune"},"share_on_mastodon":{"url":"","error":""},"_links":{"self":[{"href":"https:\/\/www.europesays.com\/africa\/wp-json\/wp\/v2\/posts\/11909","targetHints":{"allow":["GET"]}}],"collection":[{"href":"https:\/\/www.europesays.com\/africa\/wp-json\/wp\/v2\/posts"}],"about":[{"href":"https:\/\/www.europesays.com\/africa\/wp-json\/wp\/v2\/types\/post"}],"author":[{"embeddable":true,"href":"https:\/\/www.europesays.com\/africa\/wp-json\/wp\/v2\/users\/2"}],"replies":[{"embeddable":true,"href":"https:\/\/www.europesays.com\/africa\/wp-json\/wp\/v2\/comments?post=11909"}],"version-history":[{"count":0,"href":"https:\/\/www.europesays.com\/africa\/wp-json\/wp\/v2\/posts\/11909\/revisions"}],"wp:featuredmedia":[{"embeddable":true,"href":"https:\/\/www.europesays.com\/africa\/wp-json\/wp\/v2\/media\/11910"}],"wp:attachment":[{"href":"https:\/\/www.europesays.com\/africa\/wp-json\/wp\/v2\/media?parent=11909"}],"wp:term":[{"taxonomy":"category","embeddable":true,"href":"https:\/\/www.europesays.com\/africa\/wp-json\/wp\/v2\/categories?post=11909"},{"taxonomy":"post_tag","embeddable":true,"href":"https:\/\/www.europesays.com\/africa\/wp-json\/wp\/v2\/tags?post=11909"}],"curies":[{"name":"wp","href":"https:\/\/api.w.org\/{rel}","templated":true}]}}