{"id":12061,"date":"2026-01-08T22:28:06","date_gmt":"2026-01-08T22:28:06","guid":{"rendered":"https:\/\/www.europesays.com\/africa\/12061\/"},"modified":"2026-01-08T22:28:06","modified_gmt":"2026-01-08T22:28:06","slug":"le-senegal-naura-pas-besoin-de-restructurer-sa-dette-affirme-le-premier-ministre","status":"publish","type":"post","link":"https:\/\/www.europesays.com\/africa\/12061\/","title":{"rendered":"Le S\u00e9n\u00e9gal n&#8217;aura pas besoin de restructurer sa dette, affirme le Premier ministre"},"content":{"rendered":"<p>Le Premier ministre s\u00e9n\u00e9galais Ousmane Sonko a d\u00e9clar\u00e9 jeudi que le pays, lourdement endett\u00e9, n&#8217;aurait pas besoin de mettre en \u0153uvre un plan de restructuration, en d\u00e9pit d&#8217;un calendrier de remboursement difficile.<\/p>\n<p>La nation ouest-africaine fait face \u00e0 des dettes qui, selon le Fonds mon\u00e9taire international, ont atteint 132% du PIB \u00e0 la fin de 2024, apr\u00e8s que l&#8217;\u00e9quipe dirigeante actuelle a d\u00e9couvert des milliards de dettes non d\u00e9clar\u00e9es par le gouvernement pr\u00e9c\u00e9dent.<\/p>\n<p>Cette d\u00e9couverte a pouss\u00e9 le Fonds \u00e0 geler un programme de pr\u00eat de 1,8 milliard de dollars, contraignant le S\u00e9n\u00e9gal \u00e0 recourir massivement aux adjudications r\u00e9gionales pour couvrir ses besoins de financement.<\/p>\n<p>Analystes et investisseurs estiment qu&#8217;il est de plus en plus probable que le gouvernement doive proc\u00e9der \u00e0 une restructuration. Mais Sonko a affirm\u00e9 lors d&#8217;un rassemblement en novembre que le S\u00e9n\u00e9gal r\u00e9sistait \u00e0 la pression du FMI en ce sens.<\/p>\n<p>\u00ab\u00a0Tout le travail que nous avons accompli nous permet d&#8217;entrevoir la possibilit\u00e9 de sortir de cette situation sans recourir \u00e0 une restructuration\u00a0\u00bb, a d\u00e9clar\u00e9 Sonko lors d&#8217;une conf\u00e9rence de presse conjointe avec le Premier ministre mauritanien jeudi.<\/p>\n<p>\u00ab\u00a0Sur la base de notre analyse, nous consid\u00e9rons que notre dette est soutenable, puisque nous parvenons \u00e0 la rembourser depuis un an et demi\u00a0\u00bb, a-t-il ajout\u00e9.<\/p>\n<p>Bien que Sonko ait reconnu que le pays faisait face \u00e0 des \u00e9ch\u00e9ances de remboursement particuli\u00e8rement difficiles cette ann\u00e9e, il s&#8217;est dit confiant dans la capacit\u00e9 du S\u00e9n\u00e9gal \u00e0 trouver des solutions.<\/p>\n<p>\u00ab\u00a0Nous estimons que nos projections tant en mati\u00e8re de croissance que de recettes sont raisonnables, et il n&#8217;y a aucun d\u00e9bat \u00e0 ce sujet. Elles ont \u00e9t\u00e9 valid\u00e9es par l&#8217;ensemble de nos partenaires, y compris le Fonds. Le principal probl\u00e8me demeure le financement.\u00a0\u00bb<\/p>\n<p>La semaine derni\u00e8re, le ministre des Finances Cheikh Diba a indiqu\u00e9 que le S\u00e9n\u00e9gal esp\u00e9rait finaliser un programme avec le FMI \u00ab\u00a0tr\u00e8s rapidement\u00a0\u00bb, ajoutant que des progr\u00e8s avaient \u00e9t\u00e9 r\u00e9alis\u00e9s sur de nombreux points li\u00e9s \u00e0 la gestion de la crise de la dette du pays.<\/p>\n","protected":false},"excerpt":{"rendered":"Le Premier ministre s\u00e9n\u00e9galais Ousmane Sonko a d\u00e9clar\u00e9 jeudi que le pays, lourdement endett\u00e9, n&#8217;aurait pas besoin de&hellip;\n","protected":false},"author":2,"featured_media":12062,"comment_status":"","ping_status":"","sticky":false,"template":"","format":"standard","meta":{"footnotes":""},"categories":[48],"tags":[5921,159],"class_list":{"0":"post-12061","1":"post","2":"type-post","3":"status-publish","4":"format-standard","5":"has-post-thumbnail","7":"category-senegal","8":"tag-bourse","9":"tag-senegal"},"share_on_mastodon":{"url":"","error":""},"_links":{"self":[{"href":"https:\/\/www.europesays.com\/africa\/wp-json\/wp\/v2\/posts\/12061","targetHints":{"allow":["GET"]}}],"collection":[{"href":"https:\/\/www.europesays.com\/africa\/wp-json\/wp\/v2\/posts"}],"about":[{"href":"https:\/\/www.europesays.com\/africa\/wp-json\/wp\/v2\/types\/post"}],"author":[{"embeddable":true,"href":"https:\/\/www.europesays.com\/africa\/wp-json\/wp\/v2\/users\/2"}],"replies":[{"embeddable":true,"href":"https:\/\/www.europesays.com\/africa\/wp-json\/wp\/v2\/comments?post=12061"}],"version-history":[{"count":0,"href":"https:\/\/www.europesays.com\/africa\/wp-json\/wp\/v2\/posts\/12061\/revisions"}],"wp:featuredmedia":[{"embeddable":true,"href":"https:\/\/www.europesays.com\/africa\/wp-json\/wp\/v2\/media\/12062"}],"wp:attachment":[{"href":"https:\/\/www.europesays.com\/africa\/wp-json\/wp\/v2\/media?parent=12061"}],"wp:term":[{"taxonomy":"category","embeddable":true,"href":"https:\/\/www.europesays.com\/africa\/wp-json\/wp\/v2\/categories?post=12061"},{"taxonomy":"post_tag","embeddable":true,"href":"https:\/\/www.europesays.com\/africa\/wp-json\/wp\/v2\/tags?post=12061"}],"curies":[{"name":"wp","href":"https:\/\/api.w.org\/{rel}","templated":true}]}}