{"id":12157,"date":"2026-01-08T23:42:06","date_gmt":"2026-01-08T23:42:06","guid":{"rendered":"https:\/\/www.europesays.com\/africa\/12157\/"},"modified":"2026-01-08T23:42:06","modified_gmt":"2026-01-08T23:42:06","slug":"bineta-mecanicienne-et-ses-14-coaccuses-juges-ce-vendredi","status":"publish","type":"post","link":"https:\/\/www.europesays.com\/africa\/12157\/","title":{"rendered":"Bineta m\u00e9canicienne et ses 14 coaccus\u00e9s jug\u00e9s, ce vendredi"},"content":{"rendered":"<p class=\"firstp\">Bineta, surnomm\u00e9e \u00ab la m\u00e9canicienne \u00bb, et ses coaccus\u00e9s seront jug\u00e9s ce vendredi 09 janvier 2026 dans le cadre d\u2019une proc\u00e9dure de flagrant d\u00e9lit, selon des informations rapport\u00e9es par Seneweb.<\/p>\n<p>Au total, 15 personnes, interpell\u00e9es \u00e0 Keur Massar et plac\u00e9es sous mandat de d\u00e9p\u00f4t le 6 janvier 2026, sont poursuivies pour plusieurs chefs d\u2019accusation. Il s\u2019agit notamment d\u2019association de malfaiteurs, de d\u00e9tournement de mineurs, d\u2019incitation de mineurs \u00e0 la d\u00e9bauche et de complicit\u00e9.\n<\/p>\n<p>Le dossier fait \u00e9galement \u00e9tat de d\u00e9faut d\u2019autorisation d\u2019exploitation d\u2019un appartement meubl\u00e9, d\u2019actes contre nature, de d\u00e9tention d\u2019armes blanches, de violences et voies de fait, d\u2019escroquerie, ainsi que de mise en danger de la vie d\u2019autrui.<\/p>\n","protected":false},"excerpt":{"rendered":"Bineta, surnomm\u00e9e \u00ab la m\u00e9canicienne \u00bb, et ses coaccus\u00e9s seront jug\u00e9s ce vendredi 09 janvier 2026 dans le&hellip;\n","protected":false},"author":2,"featured_media":12158,"comment_status":"","ping_status":"","sticky":false,"template":"","format":"standard","meta":{"footnotes":""},"categories":[48],"tags":[7207,8287,159,163,239],"class_list":{"0":"post-12157","1":"post","2":"type-post","3":"status-publish","4":"format-standard","5":"has-post-thumbnail","7":"category-senegal","8":"tag-bineta-mecanicienne","9":"tag-lesbianisme","10":"tag-senegal","11":"tag-senegal-actualites","12":"tag-societe"},"share_on_mastodon":{"url":"","error":""},"_links":{"self":[{"href":"https:\/\/www.europesays.com\/africa\/wp-json\/wp\/v2\/posts\/12157","targetHints":{"allow":["GET"]}}],"collection":[{"href":"https:\/\/www.europesays.com\/africa\/wp-json\/wp\/v2\/posts"}],"about":[{"href":"https:\/\/www.europesays.com\/africa\/wp-json\/wp\/v2\/types\/post"}],"author":[{"embeddable":true,"href":"https:\/\/www.europesays.com\/africa\/wp-json\/wp\/v2\/users\/2"}],"replies":[{"embeddable":true,"href":"https:\/\/www.europesays.com\/africa\/wp-json\/wp\/v2\/comments?post=12157"}],"version-history":[{"count":0,"href":"https:\/\/www.europesays.com\/africa\/wp-json\/wp\/v2\/posts\/12157\/revisions"}],"wp:featuredmedia":[{"embeddable":true,"href":"https:\/\/www.europesays.com\/africa\/wp-json\/wp\/v2\/media\/12158"}],"wp:attachment":[{"href":"https:\/\/www.europesays.com\/africa\/wp-json\/wp\/v2\/media?parent=12157"}],"wp:term":[{"taxonomy":"category","embeddable":true,"href":"https:\/\/www.europesays.com\/africa\/wp-json\/wp\/v2\/categories?post=12157"},{"taxonomy":"post_tag","embeddable":true,"href":"https:\/\/www.europesays.com\/africa\/wp-json\/wp\/v2\/tags?post=12157"}],"curies":[{"name":"wp","href":"https:\/\/api.w.org\/{rel}","templated":true}]}}