{"id":12178,"date":"2026-01-09T00:01:10","date_gmt":"2026-01-09T00:01:10","guid":{"rendered":"https:\/\/www.europesays.com\/africa\/12178\/"},"modified":"2026-01-09T00:01:10","modified_gmt":"2026-01-09T00:01:10","slug":"maroc-ukraine-le-conseil-de-gouvernement-examine-un-accord-sur-le-transport-routier-international","status":"publish","type":"post","link":"https:\/\/www.europesays.com\/africa\/12178\/","title":{"rendered":"Maroc\u2013Ukraine : le Conseil de gouvernement examine un accord sur le transport routier international"},"content":{"rendered":"<p>Le Conseil de gouvernement a pris connaissance, jeudi, d\u2019un accord sur le transport routier international, sign\u00e9 le 28 juin 2025 \u00e0 Istanbul entre les gouvernements du Maroc et de l\u2019Ukraine.<\/p>\n<p>Le Conseil s\u2019est \u00e9galement inform\u00e9 du projet de loi n\u00b0 64.250 portant approbation dudit accord, qui ont \u00e9t\u00e9 pr\u00e9sent\u00e9s par le ministre des Affaires \u00e9trang\u00e8res, de la Coop\u00e9ration africaine et des Marocains r\u00e9sidant \u00e0 l\u2019\u00e9tranger, Nasser Bourita, a indiqu\u00e9 le ministre d\u00e9l\u00e9gu\u00e9 charg\u00e9 des Relations avec le Parlement, porte-parole du gouvernement, Mustapha Baitas, lors d\u2019un point de presse \u00e0 l\u2019issue du Conseil.<\/p>\n","protected":false},"excerpt":{"rendered":"Le Conseil de gouvernement a pris connaissance, jeudi, d\u2019un accord sur le transport routier international, sign\u00e9 le 28&hellip;\n","protected":false},"author":2,"featured_media":12179,"comment_status":"","ping_status":"","sticky":false,"template":"","format":"standard","meta":{"footnotes":""},"categories":[41],"tags":[1213,557,4669,4670,2274,1600,4667,158,1361,4671,248,4668,310,4582],"class_list":{"0":"post-12178","1":"post","2":"type-post","3":"status-publish","4":"format-standard","5":"has-post-thumbnail","7":"category-maroc","8":"tag-actualite","9":"tag-culture","10":"tag-finance-economie","11":"tag-high-tech","12":"tag-infos","13":"tag-lifestyle","14":"tag-linformation-ma","15":"tag-maroc","16":"tag-monde","17":"tag-people","18":"tag-politique","19":"tag-site-infos","20":"tag-sport","21":"tag-videos"},"share_on_mastodon":{"url":"","error":""},"_links":{"self":[{"href":"https:\/\/www.europesays.com\/africa\/wp-json\/wp\/v2\/posts\/12178","targetHints":{"allow":["GET"]}}],"collection":[{"href":"https:\/\/www.europesays.com\/africa\/wp-json\/wp\/v2\/posts"}],"about":[{"href":"https:\/\/www.europesays.com\/africa\/wp-json\/wp\/v2\/types\/post"}],"author":[{"embeddable":true,"href":"https:\/\/www.europesays.com\/africa\/wp-json\/wp\/v2\/users\/2"}],"replies":[{"embeddable":true,"href":"https:\/\/www.europesays.com\/africa\/wp-json\/wp\/v2\/comments?post=12178"}],"version-history":[{"count":0,"href":"https:\/\/www.europesays.com\/africa\/wp-json\/wp\/v2\/posts\/12178\/revisions"}],"wp:featuredmedia":[{"embeddable":true,"href":"https:\/\/www.europesays.com\/africa\/wp-json\/wp\/v2\/media\/12179"}],"wp:attachment":[{"href":"https:\/\/www.europesays.com\/africa\/wp-json\/wp\/v2\/media?parent=12178"}],"wp:term":[{"taxonomy":"category","embeddable":true,"href":"https:\/\/www.europesays.com\/africa\/wp-json\/wp\/v2\/categories?post=12178"},{"taxonomy":"post_tag","embeddable":true,"href":"https:\/\/www.europesays.com\/africa\/wp-json\/wp\/v2\/tags?post=12178"}],"curies":[{"name":"wp","href":"https:\/\/api.w.org\/{rel}","templated":true}]}}