{"id":12253,"date":"2026-01-09T01:02:09","date_gmt":"2026-01-09T01:02:09","guid":{"rendered":"https:\/\/www.europesays.com\/africa\/12253\/"},"modified":"2026-01-09T01:02:09","modified_gmt":"2026-01-09T01:02:09","slug":"une-nouvelle-feuille-de-route-pour-parachever-la-regionalisation-avancee-des-fevrier-2026","status":"publish","type":"post","link":"https:\/\/www.europesays.com\/africa\/12253\/","title":{"rendered":"Une nouvelle feuille de route pour parachever la R\u00e9gionalisation avanc\u00e9e d\u00e8s f\u00e9vrier 2026"},"content":{"rendered":"<p>                    La r\u00e9union p\u00e9riodique consacr\u00e9e au suivi de la mise en \u0153uvre du chantier de la r\u00e9gionalisation avanc\u00e9e s\u2019est tenue ce jeudi au si\u00e8ge du minist\u00e8re de l\u2019Int\u00e9rieur \u00e0 Rabat, dans le cadre du processus de concertation engag\u00e9 pour l\u2019op\u00e9rationnalisation de cette r\u00e9forme majeure.<\/p>\n<p>Les travaux ont d\u2019abord \u00e9t\u00e9 marqu\u00e9s par la pr\u00e9sentation du bilan d\u2019\u00e9tape de la r\u00e9gionalisation avanc\u00e9e. \u00c0 ce titre, il a \u00e9t\u00e9 relev\u00e9 que l\u2019ensemble des douze r\u00e9gions du Royaume ont finalis\u00e9 leurs sch\u00e9mas r\u00e9gionaux d\u2019am\u00e9nagement du territoire ainsi que leurs programmes de d\u00e9veloppement r\u00e9gionaux, constituant des outils structurants pour la planification territoriale. Autre avanc\u00e9e significative mise en avant : le transfert des cr\u00e9dits allou\u00e9s aux budgets r\u00e9gionaux, qui a atteint, au titre de l\u2019ann\u00e9e 2025, un taux in\u00e9dit de 100%, traduisant une consolidation progressive de l\u2019autonomie financi\u00e8re des r\u00e9gions.<\/p>\n<p>                    <a href=\"https:\/\/lematin.ma\/nation\/laftit-reunit-les-presidents-des-regions-autour-des-nouveaux-pdti\/318804\" title=\"D\u00e9veloppement territorial : Laftit r\u00e9unit les pr\u00e9sidents des r\u00e9gions pour acc\u00e9l\u00e9rer la nouvelle g\u00e9n\u00e9ration de PDTI\" rel=\"nofollow noopener\" target=\"_blank\"><\/p>\n<p>                                                    <img decoding=\"async\" class=\"lazy\" style=\"\" bad-src=\"https:\/\/cdn4.premiumread.com\/?url=https:\/\/lematin.ma\/lematin\/uploads\/images\/2025\/12\/12\/476085.jpg&amp;w=30&amp;q=100&amp;f=webp\" src=\"https:\/\/lematin.ma\/lematin\/uploads\/images\/2025\/12\/12\/476085.webp\" alt=\"D\u00e9veloppement territorial : Laftit r\u00e9unit les pr\u00e9sidents des r\u00e9gions pour acc\u00e9l\u00e9rer la nouvelle g\u00e9n\u00e9ration de PDTI\" onerror=\"this.src=\" https:=\"\"\/><\/p>\n<p>                    <\/a><\/p>\n<p>Ce bilan a \u00e9galement permis d\u2019identifier les principaux d\u00e9fis persistants. Parmi eux figurent l\u2019activation effective de la Charte de la d\u00e9concentration administrative, la clarification et l\u2019exercice optimal des comp\u00e9tences transf\u00e9r\u00e9es aux r\u00e9gions, ainsi que la question du financement durable du chantier de la r\u00e9gionalisation avanc\u00e9e.<\/p>\n<p>Dans un second temps, la r\u00e9union a \u00e9t\u00e9 consacr\u00e9e \u00e0 l\u2019examen du projet de feuille de route visant le parach\u00e8vement de ce chantier, \u00e9labor\u00e9 conform\u00e9ment aux Hautes Orientations Royales contenues dans le Message adress\u00e9 par Sa Majest\u00e9 le Roi Mohammed VI aux participants des deuxi\u00e8mes <a href=\"https:\/\/lematin.ma\/nation\/regionalisation-avancee-detail-des-conventions-signees-avec-les-regions\/256679\" rel=\"nofollow noopener\" target=\"_blank\">Assises nationales sur la r\u00e9gionalisation avanc\u00e9e, tenues les 20 et 21 d\u00e9cembre 2024 \u00e0 Tanger<\/a>. Le Souverain y avait appel\u00e9 \u00e0 l\u2019\u00e9laboration d\u2019\u00ab une feuille de route claire et consensuelle, d\u00e9finissant les orientations strat\u00e9giques de la prochaine \u00e9tape \u00bb.<\/p>\n<p>Cette feuille de route a pour objectif de traduire concr\u00e8tement les conclusions des Assises nationales, en int\u00e9grant les Hautes Orientations Royales, les quatre conventions sign\u00e9es \u00e0 cette occasion, ainsi que les recommandations g\u00e9n\u00e9rales qui en ont d\u00e9coul\u00e9. Elle a \u00e9galement \u00e9t\u00e9 align\u00e9e sur les priorit\u00e9s fix\u00e9es par le <a href=\"https:\/\/lematin.ma\/activites-royales\/voici-le-discours-de-sm-le-roi-a-loccasion-de-la-fete-du-trone\/293988\" rel=\"nofollow noopener\" target=\"_blank\">Discours du Tr\u00f4ne 2025<\/a>, notamment en ce qui concerne l\u2019adoption d\u2019une nouvelle g\u00e9n\u00e9ration de programmes de d\u00e9veloppement territorial int\u00e9gr\u00e9.<\/p>\n<p>Au terme des discussions, un projet de feuille de route comprenant 97 m\u00e9canismes proc\u00e9duraux a \u00e9t\u00e9 retenu, dont 35 inscrits dans le cadre d\u2019un programme prioritaire. Ces mesures sont structur\u00e9es autour de quatre axes strat\u00e9giques :&#13;<\/p>\n<p>&#13;\tle renforcement de l\u2019investissement productif pour soutenir l\u2019emploi,&#13;\tle d\u00e9veloppement des infrastructures et des services de base en milieux urbain et rural,&#13;\tla rationalisation des ressources hydriques, \u00e9nerg\u00e9tiques et environnementales,&#13;\tainsi que la consolidation de la mise \u00e0 niveau territoriale int\u00e9gr\u00e9e.&#13;<br \/>\nLa mise en \u0153uvre de ce programme prioritaire est pr\u00e9vue \u00e0 court et tr\u00e8s court termes, \u00e0 partir du mois de f\u00e9vrier 2026.<\/p>\n<p>Ont pris part \u00e0 cette r\u00e9union le ministre de l\u2019Int\u00e9rieur, ainsi que plusieurs membres du gouvernement, notamment les ministres charg\u00e9s de l\u2019\u00c9conomie et des Finances, de l\u2019\u00c9quipement et de l\u2019Eau, de l\u2019\u00c9ducation nationale, de l\u2019Am\u00e9nagement du territoire, de l\u2019Emploi, du Tourisme, de l\u2019Enseignement sup\u00e9rieur, de la Transition \u00e9nerg\u00e9tique, du Transport, de la Culture, de la Solidarit\u00e9, de l\u2019Investissement, du Budget et de la Transition num\u00e9rique, ainsi que la Secr\u00e9taire d\u2019\u00c9tat charg\u00e9e de la P\u00eache maritime. La rencontre s\u2019est \u00e9galement d\u00e9roul\u00e9e en pr\u00e9sence de la pr\u00e9sidente de l\u2019Association des R\u00e9gions du Maroc, des walis et des pr\u00e9sidents des conseils r\u00e9gionaux.<\/p>\n","protected":false},"excerpt":{"rendered":"La r\u00e9union p\u00e9riodique consacr\u00e9e au suivi de la mise en \u0153uvre du chantier de la r\u00e9gionalisation avanc\u00e9e s\u2019est&hellip;\n","protected":false},"author":2,"featured_media":12254,"comment_status":"","ping_status":"","sticky":false,"template":"","format":"standard","meta":{"footnotes":""},"categories":[41],"tags":[158,8341],"class_list":{"0":"post-12253","1":"post","2":"type-post","3":"status-publish","4":"format-standard","5":"has-post-thumbnail","7":"category-maroc","8":"tag-maroc","9":"tag-regionalisation-avancee"},"share_on_mastodon":{"url":"","error":""},"_links":{"self":[{"href":"https:\/\/www.europesays.com\/africa\/wp-json\/wp\/v2\/posts\/12253","targetHints":{"allow":["GET"]}}],"collection":[{"href":"https:\/\/www.europesays.com\/africa\/wp-json\/wp\/v2\/posts"}],"about":[{"href":"https:\/\/www.europesays.com\/africa\/wp-json\/wp\/v2\/types\/post"}],"author":[{"embeddable":true,"href":"https:\/\/www.europesays.com\/africa\/wp-json\/wp\/v2\/users\/2"}],"replies":[{"embeddable":true,"href":"https:\/\/www.europesays.com\/africa\/wp-json\/wp\/v2\/comments?post=12253"}],"version-history":[{"count":0,"href":"https:\/\/www.europesays.com\/africa\/wp-json\/wp\/v2\/posts\/12253\/revisions"}],"wp:featuredmedia":[{"embeddable":true,"href":"https:\/\/www.europesays.com\/africa\/wp-json\/wp\/v2\/media\/12254"}],"wp:attachment":[{"href":"https:\/\/www.europesays.com\/africa\/wp-json\/wp\/v2\/media?parent=12253"}],"wp:term":[{"taxonomy":"category","embeddable":true,"href":"https:\/\/www.europesays.com\/africa\/wp-json\/wp\/v2\/categories?post=12253"},{"taxonomy":"post_tag","embeddable":true,"href":"https:\/\/www.europesays.com\/africa\/wp-json\/wp\/v2\/tags?post=12253"}],"curies":[{"name":"wp","href":"https:\/\/api.w.org\/{rel}","templated":true}]}}