{"id":12271,"date":"2026-01-09T01:16:16","date_gmt":"2026-01-09T01:16:16","guid":{"rendered":"https:\/\/www.europesays.com\/africa\/12271\/"},"modified":"2026-01-09T01:16:16","modified_gmt":"2026-01-09T01:16:16","slug":"maroc-heure-chaine-tv-comment-suivre-le-match-a-la-television-ou-en-streaming","status":"publish","type":"post","link":"https:\/\/www.europesays.com\/africa\/12271\/","title":{"rendered":"Maroc : heure, cha\u00eene TV&#8230; Comment suivre le match \u00e0 la t\u00e9l\u00e9vision ou en\u00a0streaming\u00a0?"},"content":{"rendered":"<p>Le match entre le Cameroun et le Maroc d\u00e9butera \u00e0 20h et sera retransmis en direct sur beIN Sports 1. Pour ceux qui pr\u00e9f\u00e8rent regarder en ligne, les plateformes concern\u00e9es proposeront \u00e9galement la diffusion en streaming.<\/p>\n<p>Ce match promet forc\u00e9ment des \u00e9motions pour les supporters des deux \u00e9quipes, et est l\u2019occasion id\u00e9ale pour les passionn\u00e9s de football de profiter d\u2019une soir\u00e9e sportive. Assurez-vous de ne rien manquer de l\u2019action en suivant la rencontre en direct.<\/p>\n<p>   Partagez cette info avec vos amis et vos proches en cliquant ici<br \/> Pour r\u00e9sumer<\/p>\n<p>Ne manquez pas le match entre le Cameroun et le Maroc, et retrouvez toutes les informations utiles\u00a0! Le match sera diffus\u00e9 en direct \u00e0 20h. Vous pourrez suivre la rencontre sur beIN Sports 1 et en streaming sur les plateformes concern\u00e9es pour vivre chaque moment en temps r\u00e9el.<\/p>\n<p>R\u00e9dacteur<\/p>\n<p><img decoding=\"async\" width=\"76\" height=\"76\" loading=\"lazy\" src=\"https:\/\/www.europesays.com\/africa\/wp-content\/uploads\/2026\/01\/avatar-onze.webp.webp\" alt=\"Nathan Bricout\"\/><\/p>\n","protected":false},"excerpt":{"rendered":"Le match entre le Cameroun et le Maroc d\u00e9butera \u00e0 20h et sera retransmis en direct sur beIN&hellip;\n","protected":false},"author":2,"featured_media":12272,"comment_status":"","ping_status":"","sticky":false,"template":"","format":"standard","meta":{"footnotes":""},"categories":[41],"tags":[360,158],"class_list":{"0":"post-12271","1":"post","2":"type-post","3":"status-publish","4":"format-standard","5":"has-post-thumbnail","7":"category-maroc","8":"tag-can","9":"tag-maroc"},"share_on_mastodon":{"url":"","error":""},"_links":{"self":[{"href":"https:\/\/www.europesays.com\/africa\/wp-json\/wp\/v2\/posts\/12271","targetHints":{"allow":["GET"]}}],"collection":[{"href":"https:\/\/www.europesays.com\/africa\/wp-json\/wp\/v2\/posts"}],"about":[{"href":"https:\/\/www.europesays.com\/africa\/wp-json\/wp\/v2\/types\/post"}],"author":[{"embeddable":true,"href":"https:\/\/www.europesays.com\/africa\/wp-json\/wp\/v2\/users\/2"}],"replies":[{"embeddable":true,"href":"https:\/\/www.europesays.com\/africa\/wp-json\/wp\/v2\/comments?post=12271"}],"version-history":[{"count":0,"href":"https:\/\/www.europesays.com\/africa\/wp-json\/wp\/v2\/posts\/12271\/revisions"}],"wp:featuredmedia":[{"embeddable":true,"href":"https:\/\/www.europesays.com\/africa\/wp-json\/wp\/v2\/media\/12272"}],"wp:attachment":[{"href":"https:\/\/www.europesays.com\/africa\/wp-json\/wp\/v2\/media?parent=12271"}],"wp:term":[{"taxonomy":"category","embeddable":true,"href":"https:\/\/www.europesays.com\/africa\/wp-json\/wp\/v2\/categories?post=12271"},{"taxonomy":"post_tag","embeddable":true,"href":"https:\/\/www.europesays.com\/africa\/wp-json\/wp\/v2\/tags?post=12271"}],"curies":[{"name":"wp","href":"https:\/\/api.w.org\/{rel}","templated":true}]}}