{"id":12288,"date":"2026-01-09T01:30:20","date_gmt":"2026-01-09T01:30:20","guid":{"rendered":"https:\/\/www.europesays.com\/africa\/12288\/"},"modified":"2026-01-09T01:30:20","modified_gmt":"2026-01-09T01:30:20","slug":"bouchta-el-moumni-nomme-president-de-luniversite-abdelmalek-essaadi","status":"publish","type":"post","link":"https:\/\/www.europesays.com\/africa\/12288\/","title":{"rendered":"Bouchta El Moumni nomm\u00e9 pr\u00e9sident de l\u2019Universit\u00e9 Abdelmalek Essa\u00e2di"},"content":{"rendered":"<p>Au niveau du minist\u00e8re de l\u2019Am\u00e9nagement du territoire national, de l\u2019Urbanisme, de l\u2019Habitat et de la Politique de la ville, Khadija Sakam a \u00e9t\u00e9 nomm\u00e9e directrice de l\u2019Agence urbaine de Kh\u00e9misset. <br \/>\u00a0 <br \/>S&#8217;agissant du minist\u00e8re de l\u2019Enseignement sup\u00e9rieur, de la Recherche scientifique et de l\u2019Innovation, il a \u00e9t\u00e9 proc\u00e9d\u00e9 \u00e0 la nomination de Bouchta El Moumni, pr\u00e9sident de l\u2019Universit\u00e9 Abdelmalek Essa\u00e2di \u00e0 T\u00e9touan, Boucha\u00efb Bencherki, directeur de l\u2019Institut sup\u00e9rieur des sciences du sport- Settat, et de Khalid Rizk, doyen de la Facult\u00e9 des langues, des arts et des sciences humaines &#8211; Settat. <br \/>\u00a0 <br \/>Concernant le minist\u00e8re de l\u2019\u00c9quipement et de l\u2019Eau, le Conseil de gouvernement a approuv\u00e9 les nominations de Salah Eddine Dahbi en tant que directeur g\u00e9n\u00e9ral de l\u2019Ing\u00e9nierie de l&#8217;eau, de Lahcen Maazizi comme directeur des ressources humaines et de Rachid Meddah comme directeur des \u00e9quipements hydrauliques. <br \/>\u00a0 <br \/>Quant au minist\u00e8re de l&#8217;Inclusion \u00e9conomique, de la Petite entreprise, de l&#8217;Emploi et des Comp\u00e9tences, Wafae Asri a \u00e9t\u00e9 nomm\u00e9e secr\u00e9taire g\u00e9n\u00e9rale du secteur de la formation professionnelle.<\/p>\n","protected":false},"excerpt":{"rendered":"Au niveau du minist\u00e8re de l\u2019Am\u00e9nagement du territoire national, de l\u2019Urbanisme, de l\u2019Habitat et de la Politique de&hellip;\n","protected":false},"author":2,"featured_media":12289,"comment_status":"","ping_status":"","sticky":false,"template":"","format":"standard","meta":{"footnotes":""},"categories":[41],"tags":[554,553,555,556,563,565,560,567,561,557,162,566,564,558,559,158,562,248,239,310,568],"class_list":{"0":"post-12288","1":"post","2":"type-post","3":"status-publish","4":"format-standard","5":"has-post-thumbnail","7":"category-maroc","8":"tag-actualites","9":"tag-actualites-et-infos-au-maroc","10":"tag-actualites-et-infos-mondiale","11":"tag-actualites-marocaines-du-jour","12":"tag-alimentation","13":"tag-analyses","14":"tag-art-de-vivre","15":"tag-chronique","16":"tag-consommation-et-bien-etre","17":"tag-culture","18":"tag-economie","19":"tag-edito","20":"tag-etudes","21":"tag-insolite","22":"tag-loisirs","23":"tag-maroc","24":"tag-mode","25":"tag-politique","26":"tag-societe","27":"tag-sport","28":"tag-tribune"},"share_on_mastodon":{"url":"","error":""},"_links":{"self":[{"href":"https:\/\/www.europesays.com\/africa\/wp-json\/wp\/v2\/posts\/12288","targetHints":{"allow":["GET"]}}],"collection":[{"href":"https:\/\/www.europesays.com\/africa\/wp-json\/wp\/v2\/posts"}],"about":[{"href":"https:\/\/www.europesays.com\/africa\/wp-json\/wp\/v2\/types\/post"}],"author":[{"embeddable":true,"href":"https:\/\/www.europesays.com\/africa\/wp-json\/wp\/v2\/users\/2"}],"replies":[{"embeddable":true,"href":"https:\/\/www.europesays.com\/africa\/wp-json\/wp\/v2\/comments?post=12288"}],"version-history":[{"count":0,"href":"https:\/\/www.europesays.com\/africa\/wp-json\/wp\/v2\/posts\/12288\/revisions"}],"wp:featuredmedia":[{"embeddable":true,"href":"https:\/\/www.europesays.com\/africa\/wp-json\/wp\/v2\/media\/12289"}],"wp:attachment":[{"href":"https:\/\/www.europesays.com\/africa\/wp-json\/wp\/v2\/media?parent=12288"}],"wp:term":[{"taxonomy":"category","embeddable":true,"href":"https:\/\/www.europesays.com\/africa\/wp-json\/wp\/v2\/categories?post=12288"},{"taxonomy":"post_tag","embeddable":true,"href":"https:\/\/www.europesays.com\/africa\/wp-json\/wp\/v2\/tags?post=12288"}],"curies":[{"name":"wp","href":"https:\/\/api.w.org\/{rel}","templated":true}]}}