{"id":12349,"date":"2026-01-09T02:29:15","date_gmt":"2026-01-09T02:29:15","guid":{"rendered":"https:\/\/www.europesays.com\/africa\/12349\/"},"modified":"2026-01-09T02:29:15","modified_gmt":"2026-01-09T02:29:15","slug":"can-2025-le-mauritanien-dahane-beida-designe-arbitre-du-match-maroc-cameroun","status":"publish","type":"post","link":"https:\/\/www.europesays.com\/africa\/12349\/","title":{"rendered":"CAN 2025: le Mauritanien Dahane Beida d\u00e9sign\u00e9 arbitre du match Maroc-Cameroun"},"content":{"rendered":"<p class=\"default__StyledText-sc-10mj2vp-0 CxBBS body-paragraph\">Apr\u00e8s une longue journ\u00e9e d\u2019attente, des heures de flottement et d\u2019innombrables rumeurs, la Conf\u00e9d\u00e9ration africaine de football (CAF) a d\u00e9sign\u00e9 les arbitres du quart de finale de la CAN Maroc-2025 qui oppose le Maroc au Cameroun.<\/p>\n<p class=\"default__StyledText-sc-10mj2vp-0 CxBBS body-paragraph\">C\u2019est le Mauritanien Dahane Beida que l\u2019instance a d\u00e9sign\u00e9 pour diriger la rencontre, pr\u00e9vue \u00e0 partir de 20h au Stade Moulay Abdellah.<\/p>\n<p class=\"default__StyledText-sc-10mj2vp-0 CxBBS body-paragraph\">Il sera assist\u00e9 par les Angolais Jerson Emiliano Dos Santos, Ivanildo Meirelles de Oliveira Sanches, alors que Styven Moutsassi Moyo, originaire de la R\u00e9publique du Congo, a \u00e9t\u00e9 choisi comme quatri\u00e8me arbitre.<\/p>\n<p class=\"default__StyledText-sc-10mj2vp-0 CxBBS body-paragraph\">Le Ghan\u00e9en Daniel Nii Ayi Laryea, lui, sera \u00e0 la VAR, assist\u00e9 par le Tunisien Haythem Guirat et le Mauritanien Babacar Sarr.<\/p>\n<p class=\"interstitial-link block-margin-bottom\">Lire aussi : <a href=\"https:\/\/sport.le360.ma\/football\/can\/can-2025-lessentiel-de-la-conf-de-walid-regragui-avant-maroc-cameroun_SN4KOUGGCRBQJCMCL7AKMDN2JE\/\" aria-label=\"Ouvrir un article associ\u00e9\" class=\"default__StyledLink-sc-10mj2vp-1 kkYPzd\" rel=\"nofollow noopener\" target=\"_blank\">CAN 2025: l\u2019essentiel de la conf\u2019 de Walid Regragui avant Maroc-Cameroun<\/a><\/p>\n<p class=\"default__StyledText-sc-10mj2vp-0 CxBBS body-paragraph\">\u00c0 la veille du quart de finale de la CAN 2025 face au Cameroun, les Lions de l\u2019Atlas ont boucl\u00e9 leur pr\u00e9paration au Complexe Moulay Abdellah. Entre l\u2019incertitude autour de Sofyan Amrabat, le retour rassurant de Romain Sa\u00efss et la pr\u00e9sence symbolique de Azzedine Ounahi, Walid Regragui affine ses choix avant un rendez-vous d\u00e9cisif.<\/p>\n<p class=\"default__StyledText-sc-10mj2vp-0 CxBBS body-paragraph\">Les Lions indomptables ont \u00e9galement effectu\u00e9 leur derni\u00e8re s\u00e9ance d\u2019entra\u00eenement au Complexe Mohammed VI de football \u00e0 Ma\u00e2mora.<\/p>\n","protected":false},"excerpt":{"rendered":"Apr\u00e8s une longue journ\u00e9e d\u2019attente, des heures de flottement et d\u2019innombrables rumeurs, la Conf\u00e9d\u00e9ration africaine de football (CAF)&hellip;\n","protected":false},"author":2,"featured_media":12350,"comment_status":"","ping_status":"","sticky":false,"template":"","format":"standard","meta":{"footnotes":""},"categories":[41],"tags":[8407,381,179,2490,8406,158],"class_list":{"0":"post-12349","1":"post","2":"type-post","3":"status-publish","4":"format-standard","5":"has-post-thumbnail","7":"category-maroc","8":"tag-arbitre","9":"tag-cameroun","10":"tag-can-2025","11":"tag-coupe-d-afrique-des-nations","12":"tag-dahane-beida","13":"tag-maroc"},"share_on_mastodon":{"url":"","error":""},"_links":{"self":[{"href":"https:\/\/www.europesays.com\/africa\/wp-json\/wp\/v2\/posts\/12349","targetHints":{"allow":["GET"]}}],"collection":[{"href":"https:\/\/www.europesays.com\/africa\/wp-json\/wp\/v2\/posts"}],"about":[{"href":"https:\/\/www.europesays.com\/africa\/wp-json\/wp\/v2\/types\/post"}],"author":[{"embeddable":true,"href":"https:\/\/www.europesays.com\/africa\/wp-json\/wp\/v2\/users\/2"}],"replies":[{"embeddable":true,"href":"https:\/\/www.europesays.com\/africa\/wp-json\/wp\/v2\/comments?post=12349"}],"version-history":[{"count":0,"href":"https:\/\/www.europesays.com\/africa\/wp-json\/wp\/v2\/posts\/12349\/revisions"}],"wp:featuredmedia":[{"embeddable":true,"href":"https:\/\/www.europesays.com\/africa\/wp-json\/wp\/v2\/media\/12350"}],"wp:attachment":[{"href":"https:\/\/www.europesays.com\/africa\/wp-json\/wp\/v2\/media?parent=12349"}],"wp:term":[{"taxonomy":"category","embeddable":true,"href":"https:\/\/www.europesays.com\/africa\/wp-json\/wp\/v2\/categories?post=12349"},{"taxonomy":"post_tag","embeddable":true,"href":"https:\/\/www.europesays.com\/africa\/wp-json\/wp\/v2\/tags?post=12349"}],"curies":[{"name":"wp","href":"https:\/\/api.w.org\/{rel}","templated":true}]}}