{"id":1241,"date":"2026-01-03T21:38:22","date_gmt":"2026-01-03T21:38:22","guid":{"rendered":"https:\/\/www.europesays.com\/africa\/1241\/"},"modified":"2026-01-03T21:38:22","modified_gmt":"2026-01-03T21:38:22","slug":"senegal-festival-seelek-2025-bouyouye-expose-son-armada-culturelle","status":"publish","type":"post","link":"https:\/\/www.europesays.com\/africa\/1241\/","title":{"rendered":"S\u00e9n\u00e9gal: Festival \u00ab S\u00c9\u00c9LEK \u00bb 2025 &#8211; Bouyouye expose son armada culturelle"},"content":{"rendered":"<p class=\"story-body-text\" data-para-word-count=\"43\">Les rideaux sont tomb\u00e9s sur la premi\u00e8re \u00e9dition du festival \u00ab S\u00e9\u00e9lek \u00bb de Bouyouye, dans la commune de Di\u00e9mb\u00e9ring. Pendant trois jours (26-28 d\u00e9cembre), cette bourgade du Kassa a vibr\u00e9 au rythme de la culture awaat (nom du peuple de la localit\u00e9).<\/p>\n<p class=\"story-body-text\" data-para-word-count=\"42\">Le village de Bouyouye est l&#8217;une des rares localit\u00e9s du d\u00e9partement d&#8217;Oussouye \u00e0 avoir pr\u00e9serv\u00e9 intactes ses traditions. Cet enracinement aux us et coutumes du peuple awaat, les populations veulent jalousement le conserver, malgr\u00e9 l&#8217;influence des religions r\u00e9v\u00e9l\u00e9es et de la modernit\u00e9.<\/p>\n<p class=\"story-body-text\" data-para-word-count=\"62\">L&#8217;attachement aux valeurs culturelles ancestrales justifie l&#8217;organisation de la 1re \u00e9dition du Festival \u00ab S\u00e9\u00e9lek \u00bb (appellation traditionnelle du village de Bouyouye). \u00ab Nous voulons, \u00e0 travers ce festival, montrer au monde la richesse de notre culture et inculquer \u00e0 la jeune g\u00e9n\u00e9ration le sentiment de fiert\u00e9 d&#8217;appartenir \u00e0 ce peuple conservateur \u00bb, a expliqu\u00e9 Jacques Ekombaye Diatta, coordonnateur du comit\u00e9 d&#8217;organisation.<\/p>\n<p class=\"story-body-text\" style=\"text-align: center;\">\n<p>Suivez-nous sur <a href=\"https:\/\/whatsapp.com\/channel\/0029Vae09IP4inotqC0BUQ2V\" target=\"_blank\" rel=\"nofollow noopener\">WhatsApp<\/a> | <a href=\"https:\/\/www.linkedin.com\/company\/allafrica\/\" target=\"_blank\" rel=\"nofollow noopener\">LinkedIn<\/a> pour les derniers titres<\/p>\n<p class=\"story-body-text\" data-para-word-count=\"81\">L&#8217;engouement not\u00e9 durant les trois jours de festivit\u00e9s, a-t-il indiqu\u00e9, a d\u00e9pass\u00e9 toutes les attentes. Des milliers de personnes, venues d&#8217;horizons divers, ont ralli\u00e9 ce petit hameau de pr\u00e8s de 400 habitants, nich\u00e9 au milieu d&#8217;une for\u00eat de fromagers et de grands arbres tropicaux. \u00ab Nous avons saisi cette occasion pour exposer la densit\u00e9 culturelle du peuple awaat, \u00e0 travers des panels et des d\u00e9monstrations de diff\u00e9rentes danses traditionnelles comme l&#8217;ekonkone, le hougueur et l&#8217;ehounia \u00bb, a renseign\u00e9 Jacques Ekombaye Diatta.<\/p>\n<p class=\"story-body-text\" data-para-word-count=\"69\">Aussi, a poursuivi ce sous-officier de l&#8217;arm\u00e9e s\u00e9n\u00e9galaise, les diff\u00e9rentes facettes culinaires de Bouyouye, dont certaines enti\u00e8rement bio, ont \u00e9t\u00e9 propos\u00e9es aux festivaliers. \u00ab Pour marquer notre ouverture, nous avons invit\u00e9 des artistes venus d&#8217;ailleurs pour animer les soir\u00e9es culturelles \u00bb, a-t-il d\u00e9clar\u00e9, jugeant le bilan globalement tr\u00e8s satisfaisant. Selon lui, le festival a permis de renforcer l&#8217;attractivit\u00e9 de Bouyouye sur la carte touristique de la commune de Di\u00e9mb\u00e9ring.<\/p>\n<p class=\"story-body-text\" data-para-word-count=\"62\">Le village de Bouyouye, qui s&#8217;est jusque-l\u00e0 repli\u00e9 sur lui-m\u00eame pour ne pas subir les d\u00e9rives du monde ext\u00e9rieur, entend d\u00e9sormais s&#8217;ouvrir tout en conservant son identit\u00e9. Les populations comptent p\u00e9renniser l&#8217;\u00e9v\u00e9nement qu&#8217;elles pr\u00e9sentent d\u00e9sormais comme leur patrimoine commun. \u00ab Nous voulons changer de paradigme en utilisant cet enracinement culturel suscitant la curiosit\u00e9, comme levier \u00e9conomique \u00bb, a soutenu Jacques Ekombaye Diatta.<\/p>\n<p class=\"story-body-text\" data-para-word-count=\"55\">Ce festival, selon lui, rev\u00eat un fort caract\u00e8re social. Les fonds g\u00e9n\u00e9r\u00e9s seront affect\u00e9s au renforcement de la case de sant\u00e9 et de la cantine scolaire du village. \u00ab \u00c0 long terme, nous envisageons d&#8217;utiliser les ressources g\u00e9n\u00e9r\u00e9es pour financer des projets d&#8217;envergure afin d&#8217;am\u00e9liorer les conditions de vie dans notre terroir \u00bb, a-t-il conclu.<\/p>\n","protected":false},"excerpt":{"rendered":"Les rideaux sont tomb\u00e9s sur la premi\u00e8re \u00e9dition du festival \u00ab S\u00e9\u00e9lek \u00bb de Bouyouye, dans la commune&hellip;\n","protected":false},"author":2,"featured_media":198,"comment_status":"","ping_status":"","sticky":false,"template":"","format":"standard","meta":{"footnotes":""},"categories":[48],"tags":[63,651,83,652,265,262,96,261,159,264,263,266,325],"class_list":{"0":"post-1241","1":"post","2":"type-post","3":"status-publish","4":"format-standard","5":"has-post-thumbnail","7":"category-senegal","8":"tag-africa","9":"tag-arts","10":"tag-business","11":"tag-culture-and-entertainment","12":"tag-current-events","13":"tag-economy","14":"tag-news","15":"tag-politics","16":"tag-senegal","17":"tag-sports","18":"tag-trade","19":"tag-travel","20":"tag-west-africa"},"share_on_mastodon":{"url":"","error":""},"_links":{"self":[{"href":"https:\/\/www.europesays.com\/africa\/wp-json\/wp\/v2\/posts\/1241","targetHints":{"allow":["GET"]}}],"collection":[{"href":"https:\/\/www.europesays.com\/africa\/wp-json\/wp\/v2\/posts"}],"about":[{"href":"https:\/\/www.europesays.com\/africa\/wp-json\/wp\/v2\/types\/post"}],"author":[{"embeddable":true,"href":"https:\/\/www.europesays.com\/africa\/wp-json\/wp\/v2\/users\/2"}],"replies":[{"embeddable":true,"href":"https:\/\/www.europesays.com\/africa\/wp-json\/wp\/v2\/comments?post=1241"}],"version-history":[{"count":0,"href":"https:\/\/www.europesays.com\/africa\/wp-json\/wp\/v2\/posts\/1241\/revisions"}],"wp:featuredmedia":[{"embeddable":true,"href":"https:\/\/www.europesays.com\/africa\/wp-json\/wp\/v2\/media\/198"}],"wp:attachment":[{"href":"https:\/\/www.europesays.com\/africa\/wp-json\/wp\/v2\/media?parent=1241"}],"wp:term":[{"taxonomy":"category","embeddable":true,"href":"https:\/\/www.europesays.com\/africa\/wp-json\/wp\/v2\/categories?post=1241"},{"taxonomy":"post_tag","embeddable":true,"href":"https:\/\/www.europesays.com\/africa\/wp-json\/wp\/v2\/tags?post=1241"}],"curies":[{"name":"wp","href":"https:\/\/api.w.org\/{rel}","templated":true}]}}