{"id":12503,"date":"2026-01-09T04:52:15","date_gmt":"2026-01-09T04:52:15","guid":{"rendered":"https:\/\/www.europesays.com\/africa\/12503\/"},"modified":"2026-01-09T04:52:15","modified_gmt":"2026-01-09T04:52:15","slug":"lekjaa-remporte-son-bras-de-fer-face-a-etoo","status":"publish","type":"post","link":"https:\/\/www.europesays.com\/africa\/12503\/","title":{"rendered":"Lekjaa remporte son bras de fer face \u00e0 Eto&#8217;o"},"content":{"rendered":"<p style=\"text-align: justify;\" data-start=\"74\" data-end=\"492\">Apr\u00e8s une journ\u00e9e riche en rebondissements, la Conf\u00e9d\u00e9ration africaine de football (CAF) a finalement d\u00e9voil\u00e9 le corps arbitral d\u00e9sign\u00e9 pour le quart de finale tr\u00e8s attendu de la CAN 2025 entre le Maroc, pays h\u00f4te, et le Cameroun. Une annonce qui intervient au terme d\u2019intenses discussions en coulisses, o\u00f9 les deux camps, emmen\u00e9s par Fouzi Lekjaa et Samuel Eto\u2019o, ont tent\u00e9 d\u2019influencer le choix de l\u2019arbitre central.<\/p>\n<p style=\"text-align: justify;\" data-start=\"494\" data-end=\"873\">Initialement, la rencontre devait \u00eatre dirig\u00e9e par l\u2019arbitre \u00e9gyptien Amin Mohamed Omar. Une option qui n\u2019a pas convaincu le pr\u00e9sident de la F\u00e9d\u00e9ration camerounaise de football. Samuel Eto\u2019o s\u2019y est oppos\u00e9, estimant qu\u2019une s\u00e9lection ne devait pas \u00eatre arbitr\u00e9e par un officiel issu de la <a href=\"https:\/\/lagazettedufennec.com\/can-2025-maroc-cameroun-un-flou-troublant-a-la-veille-du-coup-denvoi\/\" rel=\"nofollow noopener\" target=\"_blank\">m\u00eame zone g\u00e9ographique<\/a>, plaidant pour un changement afin de garantir une neutralit\u00e9 totale.<\/p>\n<p style=\"text-align: justify;\" data-start=\"875\" data-end=\"1225\">Cette contestation a conduit la CAF \u00e0 revoir sa copie, mais l\u2019issue n\u2019a pas \u00e9t\u00e9 celle esp\u00e9r\u00e9e par le camp camerounais. Le nouvel arbitre d\u00e9sign\u00e9 va finalement dans le sens des souhaits du pr\u00e9sident de la F\u00e9d\u00e9ration royale marocaine de football. C\u2019est en effet le Mauritanien Dahane Beida qui a \u00e9t\u00e9 officiellement nomm\u00e9 pour diriger la rencontre.<\/p>\n<p>\t\t\t\t<a title=\"\" href=\"https:\/\/lagazettedufennec.com\/cameroun-maroc-can-2025-lekjaa-remporte-son-bras-de-fer-face-a-etoo\/g-laxhuxqaag1nw\/\" rel=\"nofollow noopener\" target=\"_blank\"><img fetchpriority=\"high\" decoding=\"async\" width=\"1638\" height=\"2048\" src=\"https:\/\/www.europesays.com\/africa\/wp-content\/uploads\/2026\/01\/G-LAxhUXQAAg1Nw.jpg\" class=\"attachment-full size-full\" alt=\"G LAxhUXQAAg1Nw\"  \/><\/a><\/p>\n<p style=\"text-align: justify;\" data-start=\"1227\" data-end=\"1597\">Le choix de Dahane Beida n\u2019a toutefois pas totalement dissip\u00e9 les tensions. Cette d\u00e9signation, tranch\u00e9e par la CAF apr\u00e8s un bras de fer en coulisses entre Eto\u2019o et Lekjaa, pourrait encore susciter des r\u00e9actions du c\u00f4t\u00e9 camerounais, qui n\u2019avait pas \u00e9t\u00e9 inform\u00e9 en amont. La r\u00e9action de la FECAFOOT est d\u2019ailleurs attendue, surtout dans un contexte aussi sensible face au pays organisateur. Par ailleurs, l\u2019arbitre alg\u00e9rien Mustapha Ghorbal \u00e9tait initialement pressenti pour g\u00e9rer la VAR de la rencontre, avant que la CAF ne tranche finalement en faveur du Ghan\u00e9en Daniel Nii Ayi Laryea.<\/p>\n<p style=\"text-align: justify;\" data-start=\"1599\" data-end=\"1893\">Pr\u00e9vu ce vendredi au stade Prince Moulay Abdallah, ce Cameroun\u2013Maroc s\u2019annonce d\u00e9j\u00e0 \u00e9lectrique, aussi bien sur le terrain qu\u2019en dehors.<\/p>\n<p>LIRE EGALEMENT : <a href=\"https:\/\/lagazettedufennec.com\/cameroun-can-2025-avant-daffronter-le-maroc-pagou-evoque-larbitrage\/\" rel=\"nofollow noopener\" target=\"_blank\">Cameroun \/ CAN 2025 : Avant d\u2019affronter le Maroc, Pagou \u00e9voque l\u2019arbitrage<\/a><\/p>\n","protected":false},"excerpt":{"rendered":"Apr\u00e8s une journ\u00e9e riche en rebondissements, la Conf\u00e9d\u00e9ration africaine de football (CAF) a finalement d\u00e9voil\u00e9 le corps arbitral&hellip;\n","protected":false},"author":2,"featured_media":12504,"comment_status":"","ping_status":"","sticky":false,"template":"","format":"standard","meta":{"footnotes":""},"categories":[41],"tags":[8200,8201,8202,8203,8495,8496,8497,8498,158,3106],"class_list":{"0":"post-12503","1":"post","2":"type-post","3":"status-publish","4":"format-standard","5":"has-post-thumbnail","7":"category-maroc","8":"tag-cameroun-maroc","9":"tag-cameroun-maroc-arbitre","10":"tag-cameroun-maroc-can-2025","11":"tag-cameroun-maroc-match","12":"tag-etoo","13":"tag-fouzi-lekjau00e2","14":"tag-lekjaa","15":"tag-lekjaa-etoo","16":"tag-maroc","17":"tag-samuel-etoo"},"share_on_mastodon":{"url":"","error":""},"_links":{"self":[{"href":"https:\/\/www.europesays.com\/africa\/wp-json\/wp\/v2\/posts\/12503","targetHints":{"allow":["GET"]}}],"collection":[{"href":"https:\/\/www.europesays.com\/africa\/wp-json\/wp\/v2\/posts"}],"about":[{"href":"https:\/\/www.europesays.com\/africa\/wp-json\/wp\/v2\/types\/post"}],"author":[{"embeddable":true,"href":"https:\/\/www.europesays.com\/africa\/wp-json\/wp\/v2\/users\/2"}],"replies":[{"embeddable":true,"href":"https:\/\/www.europesays.com\/africa\/wp-json\/wp\/v2\/comments?post=12503"}],"version-history":[{"count":0,"href":"https:\/\/www.europesays.com\/africa\/wp-json\/wp\/v2\/posts\/12503\/revisions"}],"wp:featuredmedia":[{"embeddable":true,"href":"https:\/\/www.europesays.com\/africa\/wp-json\/wp\/v2\/media\/12504"}],"wp:attachment":[{"href":"https:\/\/www.europesays.com\/africa\/wp-json\/wp\/v2\/media?parent=12503"}],"wp:term":[{"taxonomy":"category","embeddable":true,"href":"https:\/\/www.europesays.com\/africa\/wp-json\/wp\/v2\/categories?post=12503"},{"taxonomy":"post_tag","embeddable":true,"href":"https:\/\/www.europesays.com\/africa\/wp-json\/wp\/v2\/tags?post=12503"}],"curies":[{"name":"wp","href":"https:\/\/api.w.org\/{rel}","templated":true}]}}