{"id":12608,"date":"2026-01-09T06:17:07","date_gmt":"2026-01-09T06:17:07","guid":{"rendered":"https:\/\/www.europesays.com\/africa\/12608\/"},"modified":"2026-01-09T06:17:07","modified_gmt":"2026-01-09T06:17:07","slug":"can-2025-lalgerie-de-sa-mere-le-cameroun-de-son-pere-et-le-maroc-de-son-pote-kylian-mbappe-lafrique-au-fond-du-coeur","status":"publish","type":"post","link":"https:\/\/www.europesays.com\/africa\/12608\/","title":{"rendered":"CAN 2025\u00a0: l\u2019Alg\u00e9rie de sa m\u00e8re, le Cameroun de son p\u00e8re et le Maroc de son pote\u2026 Kylian Mbapp\u00e9, l\u2019Afrique au fond du c\u0153ur"},"content":{"rendered":"<p class=\"paragraph text_align_left lp-f-body-02\">M\u00eame motif, m\u00eame agitation autour des num\u00e9ros 10 de l\u2019\u00e9quipe de France. Bien qu\u2019ils tentent de la jouer discret, rien \u00e0 faire, <a href=\"https:\/\/www.leparisien.fr\/sports\/football\/zinedine-zidane\/\" target=\"_blank\" rel=\"noreferrer nofollow noopener\">Zin\u00e9dine Zidane<\/a> et <a href=\"https:\/\/www.leparisien.fr\/sports\/football\/kylian-mbappe\/\" target=\"_blank\" rel=\"noreferrer nofollow noopener\">Kylian Mbapp\u00e9<\/a> ne passent pas inaper\u00e7us, encore moins lorsqu\u2019ils franchissent la M\u00e9diterran\u00e9e pour s\u2019inviter en tribunes au plus pr\u00e8s de ces autres couleurs, celles qui, <a href=\"https:\/\/www.leparisien.fr\/sports\/football\/coupe-d-afrique-des-nations\/algerie-rd-congo-zinedine-et-veronique-zidane-ensemble-pour-assister-au-8e-de-finale-de-leur-fils-luca-gims-au-rendez-vous-06-01-2026-M6QZINIXARDF7HVT5BT7NBLD3E.php\" target=\"_blank\" rel=\"noreferrer nofollow noopener\">pour des raisons familiales<\/a> ou amicales, font aussi battre leur c\u0153ur.<\/p>\n","protected":false},"excerpt":{"rendered":"M\u00eame motif, m\u00eame agitation autour des num\u00e9ros 10 de l\u2019\u00e9quipe de France. Bien qu\u2019ils tentent de la jouer&hellip;\n","protected":false},"author":2,"featured_media":12609,"comment_status":"","ping_status":"","sticky":false,"template":"","format":"standard","meta":{"footnotes":""},"categories":[254],"tags":[255,360,311,264],"class_list":{"0":"post-12608","1":"post","2":"type-post","3":"status-publish","4":"format-standard","5":"has-post-thumbnail","7":"category-algerie","8":"tag-algerie","9":"tag-can","10":"tag-football","11":"tag-sports"},"share_on_mastodon":{"url":"","error":""},"_links":{"self":[{"href":"https:\/\/www.europesays.com\/africa\/wp-json\/wp\/v2\/posts\/12608","targetHints":{"allow":["GET"]}}],"collection":[{"href":"https:\/\/www.europesays.com\/africa\/wp-json\/wp\/v2\/posts"}],"about":[{"href":"https:\/\/www.europesays.com\/africa\/wp-json\/wp\/v2\/types\/post"}],"author":[{"embeddable":true,"href":"https:\/\/www.europesays.com\/africa\/wp-json\/wp\/v2\/users\/2"}],"replies":[{"embeddable":true,"href":"https:\/\/www.europesays.com\/africa\/wp-json\/wp\/v2\/comments?post=12608"}],"version-history":[{"count":0,"href":"https:\/\/www.europesays.com\/africa\/wp-json\/wp\/v2\/posts\/12608\/revisions"}],"wp:featuredmedia":[{"embeddable":true,"href":"https:\/\/www.europesays.com\/africa\/wp-json\/wp\/v2\/media\/12609"}],"wp:attachment":[{"href":"https:\/\/www.europesays.com\/africa\/wp-json\/wp\/v2\/media?parent=12608"}],"wp:term":[{"taxonomy":"category","embeddable":true,"href":"https:\/\/www.europesays.com\/africa\/wp-json\/wp\/v2\/categories?post=12608"},{"taxonomy":"post_tag","embeddable":true,"href":"https:\/\/www.europesays.com\/africa\/wp-json\/wp\/v2\/tags?post=12608"}],"curies":[{"name":"wp","href":"https:\/\/api.w.org\/{rel}","templated":true}]}}